{"id":15134,"date":"2026-08-21T11:08:25","date_gmt":"2026-08-21T09:08:25","guid":{"rendered":"https:\/\/www.rm-assessors.cat\/?p=15134"},"modified":"2026-08-21T11:08:25","modified_gmt":"2026-08-21T09:08:25","slug":"despres-de-lestiu-que-conve-revisar-si-tens-una-segona-residencia","status":"publish","type":"post","link":"https:\/\/www.rm-assessors.cat\/en\/despres-de-lestiu-que-conve-revisar-si-tens-una-segona-residencia\/","title":{"rendered":"Despr\u00e9s de l\u2019estiu: qu\u00e8 conv\u00e9 revisar si tens una segona resid\u00e8ncia?"},"content":{"rendered":"<h5>Amb el final de l\u2019estiu, moltes segones resid\u00e8ncies queden buides durant unes setmanes o mesos. Abans de tancar-ne la porta, per\u00f2, \u00e9s recomanable dedicar una mica de temps a revisar l\u2019habitatge i deixar-ho tot preparat.<\/h5>\n<p>Una bona revisi\u00f3 ara pot ajudar a evitar incid\u00e8ncies i sorpreses durant els mesos en qu\u00e8 l\u2019immoble estar\u00e0 menys utilitzat.<\/p>\n<h3>\u00a0Revisa l\u2019asseguran\u00e7a de la llar<\/h3>\n<p>Un habitatge que passa per\u00edodes sense ocupaci\u00f3 est\u00e0 exposat a determinats riscos. <strong>\u00c9s important comprovar<\/strong>:<\/p>\n<ul>\n<li>Que l\u2019asseguran\u00e7a contractada contempla correctament les caracter\u00edstiques i l\u2019\u00fas de l\u2019immoble.<\/li>\n<li>Que les cobertures continuen sent adequades.<\/li>\n<li>Si hi ha hagut canvis en el valor de l\u2019habitatge, reformes o altres circumst\u00e0ncies que puguin afectar la p\u00f2lissa.<\/li>\n<\/ul>\n<h3>\u00a0Comprova l\u2019estat de l\u2019habitatge<\/h3>\n<p>Abans de marxar,<strong> conv\u00e9 revisar<\/strong>:<\/p>\n<ul>\n<li><span style=\"font-size: 16px;\">Instal\u00b7lacions.<\/span><\/li>\n<li><span style=\"font-size: 16px;\">Tancaments.<\/span><\/li>\n<li><span style=\"font-size: 16px;\">Subministraments.<\/span><\/li>\n<li><span style=\"font-size: 16px;\">Estat de conservaci\u00f3 de l&#8217;immoble.<\/span><\/li>\n<li>Possibles reparacions que calgui efectuar a mobiliari i electredom\u00e8stics.<\/li>\n<\/ul>\n<p>Una petita revisi\u00f3 preventiva pot permetre detectar problemes que, si passen desapercebuts durant mesos, podrien acabar generant una despesa considerable.<\/p>\n<h3>En cas que la segona resid\u00e8ncia es destini a lloguer<\/h3>\n<p>Si la segona resid\u00e8ncia es destini al lloguer durant part de l\u2019any, tamb\u00e9 \u00e9s important <strong>mantenir en ordre:<\/strong><\/p>\n<ul>\n<li>Els contractes.<\/li>\n<li>Les obligacions fiscals<\/li>\n<\/ul>\n<p>La fiscalitat del lloguer pot variar en funci\u00f3 del tipus d\u2019arrendament i de les circumst\u00e0ncies del propietari, per la qual cosa \u00e9s recomanable revisar cada situaci\u00f3 de manera individual.<\/p>\n<h3>Una oportunitat per revisar el patrimoni<\/h3>\n<p>La segona resid\u00e8ncia forma part del patrimoni familiar i, per tant, tamb\u00e9 \u00e9s interessant valorar-la dins del conjunt de la planificaci\u00f3 patrimonial.<\/p>\n<ul>\n<li><span style=\"font-size: 16px;\">\u00c9s una propietat que volem mantenir? <\/span><\/li>\n<li><span style=\"font-size: 16px;\">T\u00e9 sentit llogar-la? <\/span><\/li>\n<li><span style=\"font-size: 16px;\">Cal fer-hi una inversi\u00f3 o reforma?<\/span><\/li>\n<li><span style=\"font-size: 16px;\"> La situaci\u00f3 actual continua encaixant amb els nostres objectius?<\/span><\/li>\n<\/ul>\n<p>No sempre cal prendre una decisi\u00f3 immediata, per\u00f2 tenir aquesta reflexi\u00f3 ajuda a gestionar el patrimoni amb una visi\u00f3 de futur.<\/p>\n<p><strong>\u00a0<\/strong><strong>Anticipar-se tamb\u00e9 \u00e9s cuidar el patrimoni<\/strong><\/p>\n<p><img fetchpriority=\"high\" decoding=\"async\" class=\"alignnone size-medium wp-image-15135\" src=\"https:\/\/www.rm-assessors.cat\/wp-content\/uploads\/2026\/08\/Habitatge-platja.2-300x200.jpg\" alt=\"\" width=\"300\" height=\"200\" srcset=\"https:\/\/www.rm-assessors.cat\/wp-content\/uploads\/2026\/08\/Habitatge-platja.2-300x200.jpg 300w, https:\/\/www.rm-assessors.cat\/wp-content\/uploads\/2026\/08\/Habitatge-platja.2-1024x683.jpg 1024w, https:\/\/www.rm-assessors.cat\/wp-content\/uploads\/2026\/08\/Habitatge-platja.2-768x512.jpg 768w, https:\/\/www.rm-assessors.cat\/wp-content\/uploads\/2026\/08\/Habitatge-platja.2-1536x1024.jpg 1536w, https:\/\/www.rm-assessors.cat\/wp-content\/uploads\/2026\/08\/Habitatge-platja.2-2048x1365.jpg 2048w, https:\/\/www.rm-assessors.cat\/wp-content\/uploads\/2026\/08\/Habitatge-platja.2-600x400.jpg 600w\" sizes=\"(max-width: 300px) 100vw, 300px\" \/><\/p>\n<p><em>A\u00a0<strong>RM Assessors<\/strong>\u00a0t\u2019acompanyem en la gesti\u00f3 del teu patrimoni amb serveis immobiliaris, assegurances, assessorament fiscal i planificaci\u00f3 patrimonial.<\/em><\/p>\n<p><em>Perqu\u00e8 tenir cura d\u2019un immoble no \u00e9s nom\u00e9s mantenir-lo en bon estat.\u00a0<strong>Tamb\u00e9 \u00e9s assegurar-se que est\u00e0 ben protegit i que continua formant part d\u2019una estrat\u00e8gia patrimonial adequada.<\/strong><\/em><\/p>\n<p>&nbsp;<\/p>\n","protected":false},"excerpt":{"rendered":"<p>Amb el final de l\u2019estiu, moltes segones resid\u00e8ncies queden buides durant unes setmanes o mesos. Abans de tancar-ne la porta, per\u00f2, \u00e9s recomanable dedicar una mica de temps a revisar l\u2019habitatge i deixar-ho tot preparat. Una bona revisi\u00f3 ara pot ajudar a evitar incid\u00e8ncies i sorpreses durant els mesos en qu\u00e8 l\u2019immoble estar\u00e0 menys utilitzat. [&hellip;]<\/p>\n","protected":false},"author":20,"featured_media":15138,"comment_status":"closed","ping_status":"closed","sticky":false,"template":"","format":"standard","meta":{"_acf_changed":false,"site-sidebar-layout":"default","site-content-layout":"","ast-site-content-layout":"default","site-content-style":"default","site-sidebar-style":"default","ast-global-header-display":"","ast-banner-title-visibility":"","ast-main-header-display":"","ast-hfb-above-header-display":"","ast-hfb-below-header-display":"","ast-hfb-mobile-header-display":"","site-post-title":"","ast-breadcrumbs-content":"","ast-featured-img":"","footer-sml-layout":"","ast-disable-related-posts":"","theme-transparent-header-meta":"default","adv-header-id-meta":"","stick-header-meta":"","header-above-stick-meta":"","header-main-stick-meta":"","header-below-stick-meta":"","astra-migrate-meta-layouts":"set","ast-page-background-enabled":"default","ast-page-background-meta":{"desktop":{"background-color":"","background-image":"","background-repeat":"repeat","background-position":"center center","background-size":"auto","background-attachment":"scroll","background-type":"","background-media":"","overlay-type":"","overlay-color":"","overlay-opacity":"","overlay-gradient":""},"tablet":{"background-color":"","background-image":"","background-repeat":"repeat","background-position":"center center","background-size":"auto","background-attachment":"scroll","background-type":"","background-media":"","overlay-type":"","overlay-color":"","overlay-opacity":"","overlay-gradient":""},"mobile":{"background-color":"","background-image":"","background-repeat":"repeat","background-position":"center center","background-size":"auto","background-attachment":"scroll","background-type":"","background-media":"","overlay-type":"","overlay-color":"","overlay-opacity":"","overlay-gradient":""}},"ast-content-background-meta":{"desktop":{"background-color":"var(--ast-global-color-5)","background-image":"","background-repeat":"repeat","background-position":"center center","background-size":"auto","background-attachment":"scroll","background-type":"","background-media":"","overlay-type":"","overlay-color":"","overlay-opacity":"","overlay-gradient":""},"tablet":{"background-color":"var(--ast-global-color-5)","background-image":"","background-repeat":"repeat","background-position":"center center","background-size":"auto","background-attachment":"scroll","background-type":"","background-media":"","overlay-type":"","overlay-color":"","overlay-opacity":"","overlay-gradient":""},"mobile":{"background-color":"var(--ast-global-color-5)","background-image":"","background-repeat":"repeat","background-position":"center center","background-size":"auto","background-attachment":"scroll","background-type":"","background-media":"","overlay-type":"","overlay-color":"","overlay-opacity":"","overlay-gradient":""}},"footnotes":""},"categories":[21,15],"tags":[3487,3486,3485],"class_list":["post-15134","post","type-post","status-publish","format-standard","has-post-thumbnail","hentry","category-butlleti-mensual","category-rm-assessors","tag-comprovar-estat-habitatge","tag-revisar-assegurances-llar","tag-segona-residencia-estiu"],"acf":[],"yoast_head":"<!-- This site is optimized with the Yoast SEO plugin v28.3 - https:\/\/yoast.com\/product\/yoast-seo-wordpress\/ -->\n<title>Despr\u00e9s de l\u2019estiu: qu\u00e8 conv\u00e9 revisar si tens una segona resid\u00e8ncia? | RM Assessors<\/title>\n<meta name=\"robots\" content=\"index, follow, max-snippet:-1, max-image-preview:large, max-video-preview:-1\" \/>\n<link rel=\"canonical\" href=\"https:\/\/www.rm-assessors.cat\/en\/despres-de-lestiu-que-conve-revisar-si-tens-una-segona-residencia\/\" \/>\n<meta property=\"og:locale\" content=\"en_US\" \/>\n<meta property=\"og:type\" content=\"article\" \/>\n<meta property=\"og:title\" content=\"Despr\u00e9s de l\u2019estiu: qu\u00e8 conv\u00e9 revisar si tens una segona resid\u00e8ncia? | RM Assessors\" \/>\n<meta property=\"og:description\" content=\"Amb el final de l\u2019estiu, moltes segones resid\u00e8ncies queden buides durant unes setmanes o mesos. Abans de tancar-ne la porta, per\u00f2, \u00e9s recomanable dedicar una mica de temps a revisar l\u2019habitatge i deixar-ho tot preparat. Una bona revisi\u00f3 ara pot ajudar a evitar incid\u00e8ncies i sorpreses durant els mesos en qu\u00e8 l\u2019immoble estar\u00e0 menys utilitzat. [&hellip;]\" \/>\n<meta property=\"og:url\" content=\"https:\/\/www.rm-assessors.cat\/en\/despres-de-lestiu-que-conve-revisar-si-tens-una-segona-residencia\/\" \/>\n<meta property=\"og:site_name\" content=\"RM Assessors\" \/>\n<meta property=\"article:publisher\" content=\"https:\/\/www.facebook.com\/rmassessors\" \/>\n<meta property=\"article:published_time\" content=\"2026-08-21T09:08:25+00:00\" \/>\n<meta property=\"og:image\" content=\"https:\/\/www.rm-assessors.cat\/wp-content\/uploads\/2026\/08\/Habitatge-platja.jpg\" \/>\n\t<meta property=\"og:image:width\" content=\"2000\" \/>\n\t<meta property=\"og:image:height\" content=\"1500\" \/>\n\t<meta property=\"og:image:type\" content=\"image\/jpeg\" \/>\n<meta name=\"author\" content=\"RM Assessors\" \/>\n<meta name=\"twitter:card\" content=\"summary_large_image\" \/>\n<meta name=\"twitter:creator\" content=\"@RMAssessors\" \/>\n<meta name=\"twitter:site\" content=\"@RMAssessors\" \/>\n<meta name=\"twitter:label1\" content=\"Written by\" \/>\n\t<meta name=\"twitter:data1\" content=\"RM Assessors\" \/>\n\t<meta name=\"twitter:label2\" content=\"Est. reading time\" \/>\n\t<meta name=\"twitter:data2\" content=\"3 minutes\" \/>\n<script type=\"application\/ld+json\" class=\"yoast-schema-graph\">{\"@context\":\"https:\\\/\\\/schema.org\",\"@graph\":[{\"@type\":\"Article\",\"@id\":\"https:\\\/\\\/www.rm-assessors.cat\\\/en\\\/despres-de-lestiu-que-conve-revisar-si-tens-una-segona-residencia\\\/#article\",\"isPartOf\":{\"@id\":\"https:\\\/\\\/www.rm-assessors.cat\\\/en\\\/despres-de-lestiu-que-conve-revisar-si-tens-una-segona-residencia\\\/\"},\"author\":{\"name\":\"RM Assessors\",\"@id\":\"https:\\\/\\\/www.rm-assessors.cat\\\/en\\\/#\\\/schema\\\/person\\\/970a33ffb7fd3d9f359617527394de40\"},\"headline\":\"Despr\u00e9s de l\u2019estiu: qu\u00e8 conv\u00e9 revisar si tens una segona resid\u00e8ncia?\",\"datePublished\":\"2026-08-21T09:08:25+00:00\",\"mainEntityOfPage\":{\"@id\":\"https:\\\/\\\/www.rm-assessors.cat\\\/en\\\/despres-de-lestiu-que-conve-revisar-si-tens-una-segona-residencia\\\/\"},\"wordCount\":392,\"publisher\":{\"@id\":\"https:\\\/\\\/www.rm-assessors.cat\\\/en\\\/#organization\"},\"image\":{\"@id\":\"https:\\\/\\\/www.rm-assessors.cat\\\/en\\\/despres-de-lestiu-que-conve-revisar-si-tens-una-segona-residencia\\\/#primaryimage\"},\"thumbnailUrl\":\"https:\\\/\\\/www.rm-assessors.cat\\\/wp-content\\\/uploads\\\/2026\\\/08\\\/Habitatge-platja.jpg\",\"keywords\":[\"comprovar estat habitatge\",\"revisar assegurances llar\",\"segona residencia estiu\"],\"articleSection\":[\"Butllet\u00ed mensual\",\"RM-Assessors\"],\"inLanguage\":\"en-US\"},{\"@type\":\"WebPage\",\"@id\":\"https:\\\/\\\/www.rm-assessors.cat\\\/en\\\/despres-de-lestiu-que-conve-revisar-si-tens-una-segona-residencia\\\/\",\"url\":\"https:\\\/\\\/www.rm-assessors.cat\\\/en\\\/despres-de-lestiu-que-conve-revisar-si-tens-una-segona-residencia\\\/\",\"name\":\"Despr\u00e9s de l\u2019estiu: qu\u00e8 conv\u00e9 revisar si tens una segona resid\u00e8ncia? | RM Assessors\",\"isPartOf\":{\"@id\":\"https:\\\/\\\/www.rm-assessors.cat\\\/en\\\/#website\"},\"primaryImageOfPage\":{\"@id\":\"https:\\\/\\\/www.rm-assessors.cat\\\/en\\\/despres-de-lestiu-que-conve-revisar-si-tens-una-segona-residencia\\\/#primaryimage\"},\"image\":{\"@id\":\"https:\\\/\\\/www.rm-assessors.cat\\\/en\\\/despres-de-lestiu-que-conve-revisar-si-tens-una-segona-residencia\\\/#primaryimage\"},\"thumbnailUrl\":\"https:\\\/\\\/www.rm-assessors.cat\\\/wp-content\\\/uploads\\\/2026\\\/08\\\/Habitatge-platja.jpg\",\"datePublished\":\"2026-08-21T09:08:25+00:00\",\"breadcrumb\":{\"@id\":\"https:\\\/\\\/www.rm-assessors.cat\\\/en\\\/despres-de-lestiu-que-conve-revisar-si-tens-una-segona-residencia\\\/#breadcrumb\"},\"inLanguage\":\"en-US\",\"potentialAction\":[{\"@type\":\"ReadAction\",\"target\":[\"https:\\\/\\\/www.rm-assessors.cat\\\/en\\\/despres-de-lestiu-que-conve-revisar-si-tens-una-segona-residencia\\\/\"]}]},{\"@type\":\"ImageObject\",\"inLanguage\":\"en-US\",\"@id\":\"https:\\\/\\\/www.rm-assessors.cat\\\/en\\\/despres-de-lestiu-que-conve-revisar-si-tens-una-segona-residencia\\\/#primaryimage\",\"url\":\"https:\\\/\\\/www.rm-assessors.cat\\\/wp-content\\\/uploads\\\/2026\\\/08\\\/Habitatge-platja.jpg\",\"contentUrl\":\"https:\\\/\\\/www.rm-assessors.cat\\\/wp-content\\\/uploads\\\/2026\\\/08\\\/Habitatge-platja.jpg\",\"width\":2000,\"height\":1500},{\"@type\":\"BreadcrumbList\",\"@id\":\"https:\\\/\\\/www.rm-assessors.cat\\\/en\\\/despres-de-lestiu-que-conve-revisar-si-tens-una-segona-residencia\\\/#breadcrumb\",\"itemListElement\":[{\"@type\":\"ListItem\",\"position\":1,\"name\":\"Inici\",\"item\":\"https:\\\/\\\/www.rm-assessors.cat\\\/en\\\/\"},{\"@type\":\"ListItem\",\"position\":2,\"name\":\"Despr\u00e9s de l\u2019estiu: qu\u00e8 conv\u00e9 revisar si tens una segona resid\u00e8ncia?\"}]},{\"@type\":\"WebSite\",\"@id\":\"https:\\\/\\\/www.rm-assessors.cat\\\/en\\\/#website\",\"url\":\"https:\\\/\\\/www.rm-assessors.cat\\\/en\\\/\",\"name\":\"RM Assessors\",\"description\":\"Assessoria i gestoria a Girona, Figueres i Breda.\",\"publisher\":{\"@id\":\"https:\\\/\\\/www.rm-assessors.cat\\\/en\\\/#organization\"},\"alternateName\":\"RM Assessors\",\"potentialAction\":[{\"@type\":\"SearchAction\",\"target\":{\"@type\":\"EntryPoint\",\"urlTemplate\":\"https:\\\/\\\/www.rm-assessors.cat\\\/en\\\/?s={search_term_string}\"},\"query-input\":{\"@type\":\"PropertyValueSpecification\",\"valueRequired\":true,\"valueName\":\"search_term_string\"}}],\"inLanguage\":\"en-US\"},{\"@type\":\"Organization\",\"@id\":\"https:\\\/\\\/www.rm-assessors.cat\\\/en\\\/#organization\",\"name\":\"RM Assessors\",\"alternateName\":\"RM Assessors\",\"url\":\"https:\\\/\\\/www.rm-assessors.cat\\\/en\\\/\",\"logo\":{\"@type\":\"ImageObject\",\"inLanguage\":\"en-US\",\"@id\":\"https:\\\/\\\/www.rm-assessors.cat\\\/en\\\/#\\\/schema\\\/logo\\\/image\\\/\",\"url\":\"https:\\\/\\\/www.rm-assessors.cat\\\/wp-content\\\/uploads\\\/2023\\\/09\\\/RM-Serveis_Assessors.svg\",\"contentUrl\":\"https:\\\/\\\/www.rm-assessors.cat\\\/wp-content\\\/uploads\\\/2023\\\/09\\\/RM-Serveis_Assessors.svg\",\"width\":200,\"height\":200,\"caption\":\"RM Assessors\"},\"image\":{\"@id\":\"https:\\\/\\\/www.rm-assessors.cat\\\/en\\\/#\\\/schema\\\/logo\\\/image\\\/\"},\"sameAs\":[\"https:\\\/\\\/www.facebook.com\\\/rmassessors\",\"https:\\\/\\\/x.com\\\/RMAssessors\",\"https:\\\/\\\/www.linkedin.com\\\/company\\\/rm-assessors\\\/\",\"https:\\\/\\\/www.instagram.com\\\/rm_assessors\\\/\"]},{\"@type\":\"Person\",\"@id\":\"https:\\\/\\\/www.rm-assessors.cat\\\/en\\\/#\\\/schema\\\/person\\\/970a33ffb7fd3d9f359617527394de40\",\"name\":\"RM Assessors\",\"image\":{\"@type\":\"ImageObject\",\"inLanguage\":\"en-US\",\"@id\":\"https:\\\/\\\/secure.gravatar.com\\\/avatar\\\/7c9e18e8cd8a71efd804b7b8d6c90bc1f526d78314c1f87275cc867c6e4bef87?s=96&d=mm&r=g\",\"url\":\"https:\\\/\\\/secure.gravatar.com\\\/avatar\\\/7c9e18e8cd8a71efd804b7b8d6c90bc1f526d78314c1f87275cc867c6e4bef87?s=96&d=mm&r=g\",\"contentUrl\":\"https:\\\/\\\/secure.gravatar.com\\\/avatar\\\/7c9e18e8cd8a71efd804b7b8d6c90bc1f526d78314c1f87275cc867c6e4bef87?s=96&d=mm&r=g\",\"caption\":\"RM Assessors\"},\"sameAs\":[\"https:\\\/\\\/www.rm-assessors.cat\\\/\"]}]}<\/script>\n<!-- \/ Yoast SEO plugin. -->","yoast_head_json":{"title":"Despr\u00e9s de l\u2019estiu: qu\u00e8 conv\u00e9 revisar si tens una segona resid\u00e8ncia? | RM Assessors","robots":{"index":"index","follow":"follow","max-snippet":"max-snippet:-1","max-image-preview":"max-image-preview:large","max-video-preview":"max-video-preview:-1"},"canonical":"https:\/\/www.rm-assessors.cat\/en\/despres-de-lestiu-que-conve-revisar-si-tens-una-segona-residencia\/","og_locale":"en_US","og_type":"article","og_title":"Despr\u00e9s de l\u2019estiu: qu\u00e8 conv\u00e9 revisar si tens una segona resid\u00e8ncia? | RM Assessors","og_description":"Amb el final de l\u2019estiu, moltes segones resid\u00e8ncies queden buides durant unes setmanes o mesos. Abans de tancar-ne la porta, per\u00f2, \u00e9s recomanable dedicar una mica de temps a revisar l\u2019habitatge i deixar-ho tot preparat. Una bona revisi\u00f3 ara pot ajudar a evitar incid\u00e8ncies i sorpreses durant els mesos en qu\u00e8 l\u2019immoble estar\u00e0 menys utilitzat. [&hellip;]","og_url":"https:\/\/www.rm-assessors.cat\/en\/despres-de-lestiu-que-conve-revisar-si-tens-una-segona-residencia\/","og_site_name":"RM Assessors","article_publisher":"https:\/\/www.facebook.com\/rmassessors","article_published_time":"2026-08-21T09:08:25+00:00","og_image":[{"width":2000,"height":1500,"url":"https:\/\/www.rm-assessors.cat\/wp-content\/uploads\/2026\/08\/Habitatge-platja.jpg","type":"image\/jpeg"}],"author":"RM Assessors","twitter_card":"summary_large_image","twitter_creator":"@RMAssessors","twitter_site":"@RMAssessors","twitter_misc":{"Written by":"RM Assessors","Est. reading time":"3 minutes"},"schema":{"@context":"https:\/\/schema.org","@graph":[{"@type":"Article","@id":"https:\/\/www.rm-assessors.cat\/en\/despres-de-lestiu-que-conve-revisar-si-tens-una-segona-residencia\/#article","isPartOf":{"@id":"https:\/\/www.rm-assessors.cat\/en\/despres-de-lestiu-que-conve-revisar-si-tens-una-segona-residencia\/"},"author":{"name":"RM Assessors","@id":"https:\/\/www.rm-assessors.cat\/en\/#\/schema\/person\/970a33ffb7fd3d9f359617527394de40"},"headline":"Despr\u00e9s de l\u2019estiu: qu\u00e8 conv\u00e9 revisar si tens una segona resid\u00e8ncia?","datePublished":"2026-08-21T09:08:25+00:00","mainEntityOfPage":{"@id":"https:\/\/www.rm-assessors.cat\/en\/despres-de-lestiu-que-conve-revisar-si-tens-una-segona-residencia\/"},"wordCount":392,"publisher":{"@id":"https:\/\/www.rm-assessors.cat\/en\/#organization"},"image":{"@id":"https:\/\/www.rm-assessors.cat\/en\/despres-de-lestiu-que-conve-revisar-si-tens-una-segona-residencia\/#primaryimage"},"thumbnailUrl":"https:\/\/www.rm-assessors.cat\/wp-content\/uploads\/2026\/08\/Habitatge-platja.jpg","keywords":["comprovar estat habitatge","revisar assegurances llar","segona residencia estiu"],"articleSection":["Butllet\u00ed mensual","RM-Assessors"],"inLanguage":"en-US"},{"@type":"WebPage","@id":"https:\/\/www.rm-assessors.cat\/en\/despres-de-lestiu-que-conve-revisar-si-tens-una-segona-residencia\/","url":"https:\/\/www.rm-assessors.cat\/en\/despres-de-lestiu-que-conve-revisar-si-tens-una-segona-residencia\/","name":"Despr\u00e9s de l\u2019estiu: qu\u00e8 conv\u00e9 revisar si tens una segona resid\u00e8ncia? | RM Assessors","isPartOf":{"@id":"https:\/\/www.rm-assessors.cat\/en\/#website"},"primaryImageOfPage":{"@id":"https:\/\/www.rm-assessors.cat\/en\/despres-de-lestiu-que-conve-revisar-si-tens-una-segona-residencia\/#primaryimage"},"image":{"@id":"https:\/\/www.rm-assessors.cat\/en\/despres-de-lestiu-que-conve-revisar-si-tens-una-segona-residencia\/#primaryimage"},"thumbnailUrl":"https:\/\/www.rm-assessors.cat\/wp-content\/uploads\/2026\/08\/Habitatge-platja.jpg","datePublished":"2026-08-21T09:08:25+00:00","breadcrumb":{"@id":"https:\/\/www.rm-assessors.cat\/en\/despres-de-lestiu-que-conve-revisar-si-tens-una-segona-residencia\/#breadcrumb"},"inLanguage":"en-US","potentialAction":[{"@type":"ReadAction","target":["https:\/\/www.rm-assessors.cat\/en\/despres-de-lestiu-que-conve-revisar-si-tens-una-segona-residencia\/"]}]},{"@type":"ImageObject","inLanguage":"en-US","@id":"https:\/\/www.rm-assessors.cat\/en\/despres-de-lestiu-que-conve-revisar-si-tens-una-segona-residencia\/#primaryimage","url":"https:\/\/www.rm-assessors.cat\/wp-content\/uploads\/2026\/08\/Habitatge-platja.jpg","contentUrl":"https:\/\/www.rm-assessors.cat\/wp-content\/uploads\/2026\/08\/Habitatge-platja.jpg","width":2000,"height":1500},{"@type":"BreadcrumbList","@id":"https:\/\/www.rm-assessors.cat\/en\/despres-de-lestiu-que-conve-revisar-si-tens-una-segona-residencia\/#breadcrumb","itemListElement":[{"@type":"ListItem","position":1,"name":"Inici","item":"https:\/\/www.rm-assessors.cat\/en\/"},{"@type":"ListItem","position":2,"name":"Despr\u00e9s de l\u2019estiu: qu\u00e8 conv\u00e9 revisar si tens una segona resid\u00e8ncia?"}]},{"@type":"WebSite","@id":"https:\/\/www.rm-assessors.cat\/en\/#website","url":"https:\/\/www.rm-assessors.cat\/en\/","name":"RM Assessors","description":"Assessoria i gestoria a Girona, Figueres i Breda.","publisher":{"@id":"https:\/\/www.rm-assessors.cat\/en\/#organization"},"alternateName":"RM Assessors","potentialAction":[{"@type":"SearchAction","target":{"@type":"EntryPoint","urlTemplate":"https:\/\/www.rm-assessors.cat\/en\/?s={search_term_string}"},"query-input":{"@type":"PropertyValueSpecification","valueRequired":true,"valueName":"search_term_string"}}],"inLanguage":"en-US"},{"@type":"Organization","@id":"https:\/\/www.rm-assessors.cat\/en\/#organization","name":"RM Assessors","alternateName":"RM Assessors","url":"https:\/\/www.rm-assessors.cat\/en\/","logo":{"@type":"ImageObject","inLanguage":"en-US","@id":"https:\/\/www.rm-assessors.cat\/en\/#\/schema\/logo\/image\/","url":"https:\/\/www.rm-assessors.cat\/wp-content\/uploads\/2023\/09\/RM-Serveis_Assessors.svg","contentUrl":"https:\/\/www.rm-assessors.cat\/wp-content\/uploads\/2023\/09\/RM-Serveis_Assessors.svg","width":200,"height":200,"caption":"RM Assessors"},"image":{"@id":"https:\/\/www.rm-assessors.cat\/en\/#\/schema\/logo\/image\/"},"sameAs":["https:\/\/www.facebook.com\/rmassessors","https:\/\/x.com\/RMAssessors","https:\/\/www.linkedin.com\/company\/rm-assessors\/","https:\/\/www.instagram.com\/rm_assessors\/"]},{"@type":"Person","@id":"https:\/\/www.rm-assessors.cat\/en\/#\/schema\/person\/970a33ffb7fd3d9f359617527394de40","name":"RM Assessors","image":{"@type":"ImageObject","inLanguage":"en-US","@id":"https:\/\/secure.gravatar.com\/avatar\/7c9e18e8cd8a71efd804b7b8d6c90bc1f526d78314c1f87275cc867c6e4bef87?s=96&d=mm&r=g","url":"https:\/\/secure.gravatar.com\/avatar\/7c9e18e8cd8a71efd804b7b8d6c90bc1f526d78314c1f87275cc867c6e4bef87?s=96&d=mm&r=g","contentUrl":"https:\/\/secure.gravatar.com\/avatar\/7c9e18e8cd8a71efd804b7b8d6c90bc1f526d78314c1f87275cc867c6e4bef87?s=96&d=mm&r=g","caption":"RM Assessors"},"sameAs":["https:\/\/www.rm-assessors.cat\/"]}]}},"_links":{"self":[{"href":"https:\/\/www.rm-assessors.cat\/en\/wp-json\/wp\/v2\/posts\/15134","targetHints":{"allow":["GET"]}}],"collection":[{"href":"https:\/\/www.rm-assessors.cat\/en\/wp-json\/wp\/v2\/posts"}],"about":[{"href":"https:\/\/www.rm-assessors.cat\/en\/wp-json\/wp\/v2\/types\/post"}],"author":[{"embeddable":true,"href":"https:\/\/www.rm-assessors.cat\/en\/wp-json\/wp\/v2\/users\/20"}],"replies":[{"embeddable":true,"href":"https:\/\/www.rm-assessors.cat\/en\/wp-json\/wp\/v2\/comments?post=15134"}],"version-history":[{"count":1,"href":"https:\/\/www.rm-assessors.cat\/en\/wp-json\/wp\/v2\/posts\/15134\/revisions"}],"predecessor-version":[{"id":15141,"href":"https:\/\/www.rm-assessors.cat\/en\/wp-json\/wp\/v2\/posts\/15134\/revisions\/15141"}],"wp:featuredmedia":[{"embeddable":true,"href":"https:\/\/www.rm-assessors.cat\/en\/wp-json\/wp\/v2\/media\/15138"}],"wp:attachment":[{"href":"https:\/\/www.rm-assessors.cat\/en\/wp-json\/wp\/v2\/media?parent=15134"}],"wp:term":[{"taxonomy":"category","embeddable":true,"href":"https:\/\/www.rm-assessors.cat\/en\/wp-json\/wp\/v2\/categories?post=15134"},{"taxonomy":"post_tag","embeddable":true,"href":"https:\/\/www.rm-assessors.cat\/en\/wp-json\/wp\/v2\/tags?post=15134"}],"curies":[{"name":"wp","href":"https:\/\/api.w.org\/{rel}","templated":true}]}}