{"id":15162,"date":"2026-08-31T10:27:53","date_gmt":"2026-08-31T08:27:53","guid":{"rendered":"https:\/\/www.rm-assessors.cat\/?p=15162"},"modified":"2026-08-31T10:27:53","modified_gmt":"2026-08-31T08:27:53","slug":"tornar-de-vacances-i-trobar-ho-tot-en-ordre-la-importancia-de-la-planificacio-empresarial","status":"publish","type":"post","link":"https:\/\/www.rm-assessors.cat\/en\/tornar-de-vacances-i-trobar-ho-tot-en-ordre-la-importancia-de-la-planificacio-empresarial\/","title":{"rendered":"Tornar de vacances i trobar-ho tot en ordre: la import\u00e0ncia de la planificaci\u00f3 empresarial"},"content":{"rendered":"<h5>Marxar de vacances amb la sensaci\u00f3 d\u2019haver deixat tots els assumptes resolts \u00e9s una tranquil\u00b7litat. Per\u00f2 encara ho \u00e9s m\u00e9s saber que, mentre no hi som, l\u2019empresa pot continuar funcionant amb normalitat.<\/h5>\n<p>Factures, notificacions, gestions administratives, n\u00f2mines, clients o incid\u00e8ncies no desapareixen durant les vacances. Per aix\u00f2, una bona organitzaci\u00f3 \u00e9s clau perqu\u00e8 l\u2019activitat no depengui exclusivament de la pres\u00e8ncia d\u2019una persona.<\/p>\n<h3>Deixar processos clars<\/h3>\n<ul>\n<li><span style=\"font-size: 16px;\">Una empresa ben organitzada no necessita que tot passi sempre per la mateixa persona.<\/span><\/li>\n<li><span style=\"font-size: 16px;\">Tenir processos definits, documentaci\u00f3 accessible i responsabilitats clares facilita que qualsevol membre de l\u2019equip pugui saber qu\u00e8 cal fer davant d\u2019una determinada situaci\u00f3.<\/span><\/li>\n<\/ul>\n<p><strong>Aix\u00f2 \u00e9s especialment important durant els per\u00edodes de vacances, per\u00f2 tamb\u00e9 en el dia a dia.<\/strong><\/p>\n<h3>Les notificacions no fan vacances<\/h3>\n<ul>\n<li>Les administracions poden continuar enviant comunicacions i notificacions encara que l\u2019empresa estigui tancada o part de l\u2019equip estigui de vacances.<\/li>\n<li><span style=\"font-size: 16px;\">\u00c9s important disposar d\u2019un sistema de control que permeti detectar aquestes comunicacions i actuar dins dels terminis corresponents.<\/span><\/li>\n<\/ul>\n<p><strong>Una notificaci\u00f3 que no es consulta a temps pot acabar tenint conseq\u00fc\u00e8ncies importants.<\/strong><\/p>\n<h3>Organitzar la tornada<\/h3>\n<ul>\n<li><span style=\"font-size: 16px;\">La planificaci\u00f3 no acaba quan comencen les vacances. La tornada tamb\u00e9 necessita organitzaci\u00f3.<\/span><\/li>\n<li><span style=\"font-size: 16px;\">Revisar qu\u00e8 ha passat durant les setmanes d\u2019abs\u00e8ncia, prioritzar les tasques pendents i repartir responsabilitats ajuda a evitar que la reincorporaci\u00f3 es converteixi en una acumulaci\u00f3 de feina i urg\u00e8ncies.<\/span><\/li>\n<li><span style=\"font-size: 16px;\">Tamb\u00e9 \u00e9s un bon moment per revisar les vacances dels treballadors i qualsevol canvi en l\u2019organitzaci\u00f3 dels equips.<\/span><\/li>\n<\/ul>\n<h3>Anticipar-se als imprevistos<\/h3>\n<p>No podem saber quins problemes apareixeran en una empresa. Per\u00f2 s\u00ed que podem preparar-nos millor per afrontar-los.<\/p>\n<p>Tenir una assessoria que conegui el negoci i pugui donar resposta davant d\u2019una q\u00fcesti\u00f3 fiscal, laboral, jur\u00eddica o administrativa \u00e9s una forma m\u00e9s de planificaci\u00f3.<\/p>\n<p><img fetchpriority=\"high\" decoding=\"async\" class=\"alignnone size-medium wp-image-9630\" src=\"https:\/\/www.rm-assessors.cat\/wp-content\/uploads\/2023\/05\/Piscina-300x180.jpg\" alt=\"\" width=\"300\" height=\"180\" srcset=\"https:\/\/www.rm-assessors.cat\/wp-content\/uploads\/2023\/05\/Piscina-300x180.jpg 300w, https:\/\/www.rm-assessors.cat\/wp-content\/uploads\/2023\/05\/Piscina-600x359.jpg 600w, https:\/\/www.rm-assessors.cat\/wp-content\/uploads\/2023\/05\/Piscina.jpg 640w\" sizes=\"(max-width: 300px) 100vw, 300px\" \/><\/p>\n<h5><em>A RM Assessors oferim un servei integral d\u2019assessorament per ajudar empreses i aut\u00f2noms en les diferents \u00e0rees que afecten la gesti\u00f3 del seu negoci.<\/em><\/h5>\n<h5><em>Una bona planificaci\u00f3 no elimina els imprevistos, per\u00f2 permet afrontar-los amb tranquil\u00b7litat.\u00a0<\/em><\/h5>\n","protected":false},"excerpt":{"rendered":"<p>Marxar de vacances amb la sensaci\u00f3 d\u2019haver deixat tots els assumptes resolts \u00e9s una tranquil\u00b7litat. Per\u00f2 encara ho \u00e9s m\u00e9s saber que, mentre no hi som, l\u2019empresa pot continuar funcionant amb normalitat. Factures, notificacions, gestions administratives, n\u00f2mines, clients o incid\u00e8ncies no desapareixen durant les vacances. Per aix\u00f2, una bona organitzaci\u00f3 \u00e9s clau perqu\u00e8 l\u2019activitat no [&hellip;]<\/p>\n","protected":false},"author":20,"featured_media":9631,"comment_status":"closed","ping_status":"closed","sticky":false,"template":"","format":"standard","meta":{"_acf_changed":false,"site-sidebar-layout":"default","site-content-layout":"","ast-site-content-layout":"default","site-content-style":"default","site-sidebar-style":"default","ast-global-header-display":"","ast-banner-title-visibility":"","ast-main-header-display":"","ast-hfb-above-header-display":"","ast-hfb-below-header-display":"","ast-hfb-mobile-header-display":"","site-post-title":"","ast-breadcrumbs-content":"","ast-featured-img":"","footer-sml-layout":"","ast-disable-related-posts":"","theme-transparent-header-meta":"default","adv-header-id-meta":"","stick-header-meta":"","header-above-stick-meta":"","header-main-stick-meta":"","header-below-stick-meta":"","astra-migrate-meta-layouts":"set","ast-page-background-enabled":"default","ast-page-background-meta":{"desktop":{"background-color":"","background-image":"","background-repeat":"repeat","background-position":"center center","background-size":"auto","background-attachment":"scroll","background-type":"","background-media":"","overlay-type":"","overlay-color":"","overlay-opacity":"","overlay-gradient":""},"tablet":{"background-color":"","background-image":"","background-repeat":"repeat","background-position":"center center","background-size":"auto","background-attachment":"scroll","background-type":"","background-media":"","overlay-type":"","overlay-color":"","overlay-opacity":"","overlay-gradient":""},"mobile":{"background-color":"","background-image":"","background-repeat":"repeat","background-position":"center center","background-size":"auto","background-attachment":"scroll","background-type":"","background-media":"","overlay-type":"","overlay-color":"","overlay-opacity":"","overlay-gradient":""}},"ast-content-background-meta":{"desktop":{"background-color":"var(--ast-global-color-5)","background-image":"","background-repeat":"repeat","background-position":"center center","background-size":"auto","background-attachment":"scroll","background-type":"","background-media":"","overlay-type":"","overlay-color":"","overlay-opacity":"","overlay-gradient":""},"tablet":{"background-color":"var(--ast-global-color-5)","background-image":"","background-repeat":"repeat","background-position":"center center","background-size":"auto","background-attachment":"scroll","background-type":"","background-media":"","overlay-type":"","overlay-color":"","overlay-opacity":"","overlay-gradient":""},"mobile":{"background-color":"var(--ast-global-color-5)","background-image":"","background-repeat":"repeat","background-position":"center center","background-size":"auto","background-attachment":"scroll","background-type":"","background-media":"","overlay-type":"","overlay-color":"","overlay-opacity":"","overlay-gradient":""}},"footnotes":""},"categories":[21,15],"tags":[3491,3492,3490],"class_list":["post-15162","post","type-post","status-publish","format-standard","has-post-thumbnail","hentry","category-butlleti-mensual","category-rm-assessors","tag-planificar-despres-vacances","tag-reemprendre-lactivitat","tag-tornar-de-vacances"],"acf":[],"yoast_head":"<!-- This site is optimized with the Yoast SEO plugin v28.3 - https:\/\/yoast.com\/product\/yoast-seo-wordpress\/ -->\n<title>Tornar de vacances i trobar-ho tot en ordre: la import\u00e0ncia de la planificaci\u00f3 empresarial | RM Assessors<\/title>\n<meta name=\"robots\" content=\"index, follow, max-snippet:-1, max-image-preview:large, max-video-preview:-1\" \/>\n<link rel=\"canonical\" href=\"https:\/\/www.rm-assessors.cat\/en\/tornar-de-vacances-i-trobar-ho-tot-en-ordre-la-importancia-de-la-planificacio-empresarial\/\" \/>\n<meta property=\"og:locale\" content=\"en_US\" \/>\n<meta property=\"og:type\" content=\"article\" \/>\n<meta property=\"og:title\" content=\"Tornar de vacances i trobar-ho tot en ordre: la import\u00e0ncia de la planificaci\u00f3 empresarial | RM Assessors\" \/>\n<meta property=\"og:description\" content=\"Marxar de vacances amb la sensaci\u00f3 d\u2019haver deixat tots els assumptes resolts \u00e9s una tranquil\u00b7litat. Per\u00f2 encara ho \u00e9s m\u00e9s saber que, mentre no hi som, l\u2019empresa pot continuar funcionant amb normalitat. Factures, notificacions, gestions administratives, n\u00f2mines, clients o incid\u00e8ncies no desapareixen durant les vacances. Per aix\u00f2, una bona organitzaci\u00f3 \u00e9s clau perqu\u00e8 l\u2019activitat no [&hellip;]\" \/>\n<meta property=\"og:url\" content=\"https:\/\/www.rm-assessors.cat\/en\/tornar-de-vacances-i-trobar-ho-tot-en-ordre-la-importancia-de-la-planificacio-empresarial\/\" \/>\n<meta property=\"og:site_name\" content=\"RM Assessors\" \/>\n<meta property=\"article:publisher\" content=\"https:\/\/www.facebook.com\/rmassessors\" \/>\n<meta property=\"article:published_time\" content=\"2026-08-31T08:27:53+00:00\" \/>\n<meta property=\"og:image\" content=\"https:\/\/www.rm-assessors.cat\/wp-content\/uploads\/2023\/05\/Piscina.2.jpg\" \/>\n\t<meta property=\"og:image:width\" content=\"640\" \/>\n\t<meta property=\"og:image:height\" content=\"480\" \/>\n\t<meta property=\"og:image:type\" content=\"image\/jpeg\" \/>\n<meta name=\"author\" content=\"RM Assessors\" \/>\n<meta name=\"twitter:card\" content=\"summary_large_image\" \/>\n<meta name=\"twitter:creator\" content=\"@RMAssessors\" \/>\n<meta name=\"twitter:site\" content=\"@RMAssessors\" \/>\n<meta name=\"twitter:label1\" content=\"Written by\" \/>\n\t<meta name=\"twitter:data1\" content=\"RM Assessors\" \/>\n\t<meta name=\"twitter:label2\" content=\"Est. reading time\" \/>\n\t<meta name=\"twitter:data2\" content=\"3 minutes\" \/>\n<script type=\"application\/ld+json\" class=\"yoast-schema-graph\">{\"@context\":\"https:\\\/\\\/schema.org\",\"@graph\":[{\"@type\":\"Article\",\"@id\":\"https:\\\/\\\/www.rm-assessors.cat\\\/en\\\/tornar-de-vacances-i-trobar-ho-tot-en-ordre-la-importancia-de-la-planificacio-empresarial\\\/#article\",\"isPartOf\":{\"@id\":\"https:\\\/\\\/www.rm-assessors.cat\\\/en\\\/tornar-de-vacances-i-trobar-ho-tot-en-ordre-la-importancia-de-la-planificacio-empresarial\\\/\"},\"author\":{\"name\":\"RM Assessors\",\"@id\":\"https:\\\/\\\/www.rm-assessors.cat\\\/en\\\/#\\\/schema\\\/person\\\/970a33ffb7fd3d9f359617527394de40\"},\"headline\":\"Tornar de vacances i trobar-ho tot en ordre: la import\u00e0ncia de la planificaci\u00f3 empresarial\",\"datePublished\":\"2026-08-31T08:27:53+00:00\",\"mainEntityOfPage\":{\"@id\":\"https:\\\/\\\/www.rm-assessors.cat\\\/en\\\/tornar-de-vacances-i-trobar-ho-tot-en-ordre-la-importancia-de-la-planificacio-empresarial\\\/\"},\"wordCount\":361,\"publisher\":{\"@id\":\"https:\\\/\\\/www.rm-assessors.cat\\\/en\\\/#organization\"},\"image\":{\"@id\":\"https:\\\/\\\/www.rm-assessors.cat\\\/en\\\/tornar-de-vacances-i-trobar-ho-tot-en-ordre-la-importancia-de-la-planificacio-empresarial\\\/#primaryimage\"},\"thumbnailUrl\":\"https:\\\/\\\/www.rm-assessors.cat\\\/wp-content\\\/uploads\\\/2023\\\/05\\\/Piscina.2.jpg\",\"keywords\":[\"planificar despr\u00e9s vacances\",\"reemprendre l'activitat\",\"tornar de vacances\"],\"articleSection\":[\"Butllet\u00ed mensual\",\"RM-Assessors\"],\"inLanguage\":\"en-US\"},{\"@type\":\"WebPage\",\"@id\":\"https:\\\/\\\/www.rm-assessors.cat\\\/en\\\/tornar-de-vacances-i-trobar-ho-tot-en-ordre-la-importancia-de-la-planificacio-empresarial\\\/\",\"url\":\"https:\\\/\\\/www.rm-assessors.cat\\\/en\\\/tornar-de-vacances-i-trobar-ho-tot-en-ordre-la-importancia-de-la-planificacio-empresarial\\\/\",\"name\":\"Tornar de vacances i trobar-ho tot en ordre: la import\u00e0ncia de la planificaci\u00f3 empresarial | RM Assessors\",\"isPartOf\":{\"@id\":\"https:\\\/\\\/www.rm-assessors.cat\\\/en\\\/#website\"},\"primaryImageOfPage\":{\"@id\":\"https:\\\/\\\/www.rm-assessors.cat\\\/en\\\/tornar-de-vacances-i-trobar-ho-tot-en-ordre-la-importancia-de-la-planificacio-empresarial\\\/#primaryimage\"},\"image\":{\"@id\":\"https:\\\/\\\/www.rm-assessors.cat\\\/en\\\/tornar-de-vacances-i-trobar-ho-tot-en-ordre-la-importancia-de-la-planificacio-empresarial\\\/#primaryimage\"},\"thumbnailUrl\":\"https:\\\/\\\/www.rm-assessors.cat\\\/wp-content\\\/uploads\\\/2023\\\/05\\\/Piscina.2.jpg\",\"datePublished\":\"2026-08-31T08:27:53+00:00\",\"breadcrumb\":{\"@id\":\"https:\\\/\\\/www.rm-assessors.cat\\\/en\\\/tornar-de-vacances-i-trobar-ho-tot-en-ordre-la-importancia-de-la-planificacio-empresarial\\\/#breadcrumb\"},\"inLanguage\":\"en-US\",\"potentialAction\":[{\"@type\":\"ReadAction\",\"target\":[\"https:\\\/\\\/www.rm-assessors.cat\\\/en\\\/tornar-de-vacances-i-trobar-ho-tot-en-ordre-la-importancia-de-la-planificacio-empresarial\\\/\"]}]},{\"@type\":\"ImageObject\",\"inLanguage\":\"en-US\",\"@id\":\"https:\\\/\\\/www.rm-assessors.cat\\\/en\\\/tornar-de-vacances-i-trobar-ho-tot-en-ordre-la-importancia-de-la-planificacio-empresarial\\\/#primaryimage\",\"url\":\"https:\\\/\\\/www.rm-assessors.cat\\\/wp-content\\\/uploads\\\/2023\\\/05\\\/Piscina.2.jpg\",\"contentUrl\":\"https:\\\/\\\/www.rm-assessors.cat\\\/wp-content\\\/uploads\\\/2023\\\/05\\\/Piscina.2.jpg\",\"width\":640,\"height\":480},{\"@type\":\"BreadcrumbList\",\"@id\":\"https:\\\/\\\/www.rm-assessors.cat\\\/en\\\/tornar-de-vacances-i-trobar-ho-tot-en-ordre-la-importancia-de-la-planificacio-empresarial\\\/#breadcrumb\",\"itemListElement\":[{\"@type\":\"ListItem\",\"position\":1,\"name\":\"Inici\",\"item\":\"https:\\\/\\\/www.rm-assessors.cat\\\/en\\\/\"},{\"@type\":\"ListItem\",\"position\":2,\"name\":\"Tornar de vacances i trobar-ho tot en ordre: la import\u00e0ncia de la planificaci\u00f3 empresarial\"}]},{\"@type\":\"WebSite\",\"@id\":\"https:\\\/\\\/www.rm-assessors.cat\\\/en\\\/#website\",\"url\":\"https:\\\/\\\/www.rm-assessors.cat\\\/en\\\/\",\"name\":\"RM Assessors\",\"description\":\"Assessoria i gestoria a Girona, Figueres i Breda.\",\"publisher\":{\"@id\":\"https:\\\/\\\/www.rm-assessors.cat\\\/en\\\/#organization\"},\"alternateName\":\"RM Assessors\",\"potentialAction\":[{\"@type\":\"SearchAction\",\"target\":{\"@type\":\"EntryPoint\",\"urlTemplate\":\"https:\\\/\\\/www.rm-assessors.cat\\\/en\\\/?s={search_term_string}\"},\"query-input\":{\"@type\":\"PropertyValueSpecification\",\"valueRequired\":true,\"valueName\":\"search_term_string\"}}],\"inLanguage\":\"en-US\"},{\"@type\":\"Organization\",\"@id\":\"https:\\\/\\\/www.rm-assessors.cat\\\/en\\\/#organization\",\"name\":\"RM Assessors\",\"alternateName\":\"RM Assessors\",\"url\":\"https:\\\/\\\/www.rm-assessors.cat\\\/en\\\/\",\"logo\":{\"@type\":\"ImageObject\",\"inLanguage\":\"en-US\",\"@id\":\"https:\\\/\\\/www.rm-assessors.cat\\\/en\\\/#\\\/schema\\\/logo\\\/image\\\/\",\"url\":\"https:\\\/\\\/www.rm-assessors.cat\\\/wp-content\\\/uploads\\\/2023\\\/09\\\/RM-Serveis_Assessors.svg\",\"contentUrl\":\"https:\\\/\\\/www.rm-assessors.cat\\\/wp-content\\\/uploads\\\/2023\\\/09\\\/RM-Serveis_Assessors.svg\",\"width\":200,\"height\":200,\"caption\":\"RM Assessors\"},\"image\":{\"@id\":\"https:\\\/\\\/www.rm-assessors.cat\\\/en\\\/#\\\/schema\\\/logo\\\/image\\\/\"},\"sameAs\":[\"https:\\\/\\\/www.facebook.com\\\/rmassessors\",\"https:\\\/\\\/x.com\\\/RMAssessors\",\"https:\\\/\\\/www.linkedin.com\\\/company\\\/rm-assessors\\\/\",\"https:\\\/\\\/www.instagram.com\\\/rm_assessors\\\/\"]},{\"@type\":\"Person\",\"@id\":\"https:\\\/\\\/www.rm-assessors.cat\\\/en\\\/#\\\/schema\\\/person\\\/970a33ffb7fd3d9f359617527394de40\",\"name\":\"RM Assessors\",\"image\":{\"@type\":\"ImageObject\",\"inLanguage\":\"en-US\",\"@id\":\"https:\\\/\\\/secure.gravatar.com\\\/avatar\\\/7c9e18e8cd8a71efd804b7b8d6c90bc1f526d78314c1f87275cc867c6e4bef87?s=96&d=mm&r=g\",\"url\":\"https:\\\/\\\/secure.gravatar.com\\\/avatar\\\/7c9e18e8cd8a71efd804b7b8d6c90bc1f526d78314c1f87275cc867c6e4bef87?s=96&d=mm&r=g\",\"contentUrl\":\"https:\\\/\\\/secure.gravatar.com\\\/avatar\\\/7c9e18e8cd8a71efd804b7b8d6c90bc1f526d78314c1f87275cc867c6e4bef87?s=96&d=mm&r=g\",\"caption\":\"RM Assessors\"},\"sameAs\":[\"https:\\\/\\\/www.rm-assessors.cat\\\/\"]}]}<\/script>\n<!-- \/ Yoast SEO plugin. -->","yoast_head_json":{"title":"Tornar de vacances i trobar-ho tot en ordre: la import\u00e0ncia de la planificaci\u00f3 empresarial | RM Assessors","robots":{"index":"index","follow":"follow","max-snippet":"max-snippet:-1","max-image-preview":"max-image-preview:large","max-video-preview":"max-video-preview:-1"},"canonical":"https:\/\/www.rm-assessors.cat\/en\/tornar-de-vacances-i-trobar-ho-tot-en-ordre-la-importancia-de-la-planificacio-empresarial\/","og_locale":"en_US","og_type":"article","og_title":"Tornar de vacances i trobar-ho tot en ordre: la import\u00e0ncia de la planificaci\u00f3 empresarial | RM Assessors","og_description":"Marxar de vacances amb la sensaci\u00f3 d\u2019haver deixat tots els assumptes resolts \u00e9s una tranquil\u00b7litat. Per\u00f2 encara ho \u00e9s m\u00e9s saber que, mentre no hi som, l\u2019empresa pot continuar funcionant amb normalitat. Factures, notificacions, gestions administratives, n\u00f2mines, clients o incid\u00e8ncies no desapareixen durant les vacances. Per aix\u00f2, una bona organitzaci\u00f3 \u00e9s clau perqu\u00e8 l\u2019activitat no [&hellip;]","og_url":"https:\/\/www.rm-assessors.cat\/en\/tornar-de-vacances-i-trobar-ho-tot-en-ordre-la-importancia-de-la-planificacio-empresarial\/","og_site_name":"RM Assessors","article_publisher":"https:\/\/www.facebook.com\/rmassessors","article_published_time":"2026-08-31T08:27:53+00:00","og_image":[{"width":640,"height":480,"url":"https:\/\/www.rm-assessors.cat\/wp-content\/uploads\/2023\/05\/Piscina.2.jpg","type":"image\/jpeg"}],"author":"RM Assessors","twitter_card":"summary_large_image","twitter_creator":"@RMAssessors","twitter_site":"@RMAssessors","twitter_misc":{"Written by":"RM Assessors","Est. reading time":"3 minutes"},"schema":{"@context":"https:\/\/schema.org","@graph":[{"@type":"Article","@id":"https:\/\/www.rm-assessors.cat\/en\/tornar-de-vacances-i-trobar-ho-tot-en-ordre-la-importancia-de-la-planificacio-empresarial\/#article","isPartOf":{"@id":"https:\/\/www.rm-assessors.cat\/en\/tornar-de-vacances-i-trobar-ho-tot-en-ordre-la-importancia-de-la-planificacio-empresarial\/"},"author":{"name":"RM Assessors","@id":"https:\/\/www.rm-assessors.cat\/en\/#\/schema\/person\/970a33ffb7fd3d9f359617527394de40"},"headline":"Tornar de vacances i trobar-ho tot en ordre: la import\u00e0ncia de la planificaci\u00f3 empresarial","datePublished":"2026-08-31T08:27:53+00:00","mainEntityOfPage":{"@id":"https:\/\/www.rm-assessors.cat\/en\/tornar-de-vacances-i-trobar-ho-tot-en-ordre-la-importancia-de-la-planificacio-empresarial\/"},"wordCount":361,"publisher":{"@id":"https:\/\/www.rm-assessors.cat\/en\/#organization"},"image":{"@id":"https:\/\/www.rm-assessors.cat\/en\/tornar-de-vacances-i-trobar-ho-tot-en-ordre-la-importancia-de-la-planificacio-empresarial\/#primaryimage"},"thumbnailUrl":"https:\/\/www.rm-assessors.cat\/wp-content\/uploads\/2023\/05\/Piscina.2.jpg","keywords":["planificar despr\u00e9s vacances","reemprendre l'activitat","tornar de vacances"],"articleSection":["Butllet\u00ed mensual","RM-Assessors"],"inLanguage":"en-US"},{"@type":"WebPage","@id":"https:\/\/www.rm-assessors.cat\/en\/tornar-de-vacances-i-trobar-ho-tot-en-ordre-la-importancia-de-la-planificacio-empresarial\/","url":"https:\/\/www.rm-assessors.cat\/en\/tornar-de-vacances-i-trobar-ho-tot-en-ordre-la-importancia-de-la-planificacio-empresarial\/","name":"Tornar de vacances i trobar-ho tot en ordre: la import\u00e0ncia de la planificaci\u00f3 empresarial | RM Assessors","isPartOf":{"@id":"https:\/\/www.rm-assessors.cat\/en\/#website"},"primaryImageOfPage":{"@id":"https:\/\/www.rm-assessors.cat\/en\/tornar-de-vacances-i-trobar-ho-tot-en-ordre-la-importancia-de-la-planificacio-empresarial\/#primaryimage"},"image":{"@id":"https:\/\/www.rm-assessors.cat\/en\/tornar-de-vacances-i-trobar-ho-tot-en-ordre-la-importancia-de-la-planificacio-empresarial\/#primaryimage"},"thumbnailUrl":"https:\/\/www.rm-assessors.cat\/wp-content\/uploads\/2023\/05\/Piscina.2.jpg","datePublished":"2026-08-31T08:27:53+00:00","breadcrumb":{"@id":"https:\/\/www.rm-assessors.cat\/en\/tornar-de-vacances-i-trobar-ho-tot-en-ordre-la-importancia-de-la-planificacio-empresarial\/#breadcrumb"},"inLanguage":"en-US","potentialAction":[{"@type":"ReadAction","target":["https:\/\/www.rm-assessors.cat\/en\/tornar-de-vacances-i-trobar-ho-tot-en-ordre-la-importancia-de-la-planificacio-empresarial\/"]}]},{"@type":"ImageObject","inLanguage":"en-US","@id":"https:\/\/www.rm-assessors.cat\/en\/tornar-de-vacances-i-trobar-ho-tot-en-ordre-la-importancia-de-la-planificacio-empresarial\/#primaryimage","url":"https:\/\/www.rm-assessors.cat\/wp-content\/uploads\/2023\/05\/Piscina.2.jpg","contentUrl":"https:\/\/www.rm-assessors.cat\/wp-content\/uploads\/2023\/05\/Piscina.2.jpg","width":640,"height":480},{"@type":"BreadcrumbList","@id":"https:\/\/www.rm-assessors.cat\/en\/tornar-de-vacances-i-trobar-ho-tot-en-ordre-la-importancia-de-la-planificacio-empresarial\/#breadcrumb","itemListElement":[{"@type":"ListItem","position":1,"name":"Inici","item":"https:\/\/www.rm-assessors.cat\/en\/"},{"@type":"ListItem","position":2,"name":"Tornar de vacances i trobar-ho tot en ordre: la import\u00e0ncia de la planificaci\u00f3 empresarial"}]},{"@type":"WebSite","@id":"https:\/\/www.rm-assessors.cat\/en\/#website","url":"https:\/\/www.rm-assessors.cat\/en\/","name":"RM Assessors","description":"Assessoria i gestoria a Girona, Figueres i Breda.","publisher":{"@id":"https:\/\/www.rm-assessors.cat\/en\/#organization"},"alternateName":"RM Assessors","potentialAction":[{"@type":"SearchAction","target":{"@type":"EntryPoint","urlTemplate":"https:\/\/www.rm-assessors.cat\/en\/?s={search_term_string}"},"query-input":{"@type":"PropertyValueSpecification","valueRequired":true,"valueName":"search_term_string"}}],"inLanguage":"en-US"},{"@type":"Organization","@id":"https:\/\/www.rm-assessors.cat\/en\/#organization","name":"RM Assessors","alternateName":"RM Assessors","url":"https:\/\/www.rm-assessors.cat\/en\/","logo":{"@type":"ImageObject","inLanguage":"en-US","@id":"https:\/\/www.rm-assessors.cat\/en\/#\/schema\/logo\/image\/","url":"https:\/\/www.rm-assessors.cat\/wp-content\/uploads\/2023\/09\/RM-Serveis_Assessors.svg","contentUrl":"https:\/\/www.rm-assessors.cat\/wp-content\/uploads\/2023\/09\/RM-Serveis_Assessors.svg","width":200,"height":200,"caption":"RM Assessors"},"image":{"@id":"https:\/\/www.rm-assessors.cat\/en\/#\/schema\/logo\/image\/"},"sameAs":["https:\/\/www.facebook.com\/rmassessors","https:\/\/x.com\/RMAssessors","https:\/\/www.linkedin.com\/company\/rm-assessors\/","https:\/\/www.instagram.com\/rm_assessors\/"]},{"@type":"Person","@id":"https:\/\/www.rm-assessors.cat\/en\/#\/schema\/person\/970a33ffb7fd3d9f359617527394de40","name":"RM Assessors","image":{"@type":"ImageObject","inLanguage":"en-US","@id":"https:\/\/secure.gravatar.com\/avatar\/7c9e18e8cd8a71efd804b7b8d6c90bc1f526d78314c1f87275cc867c6e4bef87?s=96&d=mm&r=g","url":"https:\/\/secure.gravatar.com\/avatar\/7c9e18e8cd8a71efd804b7b8d6c90bc1f526d78314c1f87275cc867c6e4bef87?s=96&d=mm&r=g","contentUrl":"https:\/\/secure.gravatar.com\/avatar\/7c9e18e8cd8a71efd804b7b8d6c90bc1f526d78314c1f87275cc867c6e4bef87?s=96&d=mm&r=g","caption":"RM Assessors"},"sameAs":["https:\/\/www.rm-assessors.cat\/"]}]}},"_links":{"self":[{"href":"https:\/\/www.rm-assessors.cat\/en\/wp-json\/wp\/v2\/posts\/15162","targetHints":{"allow":["GET"]}}],"collection":[{"href":"https:\/\/www.rm-assessors.cat\/en\/wp-json\/wp\/v2\/posts"}],"about":[{"href":"https:\/\/www.rm-assessors.cat\/en\/wp-json\/wp\/v2\/types\/post"}],"author":[{"embeddable":true,"href":"https:\/\/www.rm-assessors.cat\/en\/wp-json\/wp\/v2\/users\/20"}],"replies":[{"embeddable":true,"href":"https:\/\/www.rm-assessors.cat\/en\/wp-json\/wp\/v2\/comments?post=15162"}],"version-history":[{"count":2,"href":"https:\/\/www.rm-assessors.cat\/en\/wp-json\/wp\/v2\/posts\/15162\/revisions"}],"predecessor-version":[{"id":15164,"href":"https:\/\/www.rm-assessors.cat\/en\/wp-json\/wp\/v2\/posts\/15162\/revisions\/15164"}],"wp:featuredmedia":[{"embeddable":true,"href":"https:\/\/www.rm-assessors.cat\/en\/wp-json\/wp\/v2\/media\/9631"}],"wp:attachment":[{"href":"https:\/\/www.rm-assessors.cat\/en\/wp-json\/wp\/v2\/media?parent=15162"}],"wp:term":[{"taxonomy":"category","embeddable":true,"href":"https:\/\/www.rm-assessors.cat\/en\/wp-json\/wp\/v2\/categories?post=15162"},{"taxonomy":"post_tag","embeddable":true,"href":"https:\/\/www.rm-assessors.cat\/en\/wp-json\/wp\/v2\/tags?post=15162"}],"curies":[{"name":"wp","href":"https:\/\/api.w.org\/{rel}","templated":true}]}}