{"id":15166,"date":"2026-09-01T12:57:27","date_gmt":"2026-09-01T10:57:27","guid":{"rendered":"https:\/\/www.rm-assessors.cat\/?p=15166"},"modified":"2026-09-01T12:57:27","modified_gmt":"2026-09-01T10:57:27","slug":"el-tribunal-suprem-obre-la-porta-a-indemnitzar-els-interins-per-abus-de-temporalitat","status":"publish","type":"post","link":"https:\/\/www.rm-assessors.cat\/en\/el-tribunal-suprem-obre-la-porta-a-indemnitzar-els-interins-per-abus-de-temporalitat\/","title":{"rendered":"El Tribunal Suprem obre la porta a indemnitzar els interins per ab\u00fas de temporalitat"},"content":{"rendered":"<h5>El Tribunal Suprem ha fet un pas important en relaci\u00f3 amb les situacions de\u00a0temporalitat abusiva en l\u2019ocupaci\u00f3 p\u00fablica. Una recent sent\u00e8ncia obre la porta que les persones interines que hagin patit un \u00fas abusiu de la contractaci\u00f3 temporal puguin reclamar una indemnitzaci\u00f3 pels perjudicis ocasionats.<\/h5>\n<p>La resoluci\u00f3 del Tribunal Suprem, per\u00f2, no implica que tots els treballadors interins tinguin dret autom\u00e0ticament a una compensaci\u00f3. Cal analitzar cada cas i determinar si realment hi ha hagut un ab\u00fas de la temporalitat i quins danys i perjudicis se n\u2019han derivat.<\/p>\n<h3>Quan podem parlar de temporalitat abusiva?<\/h3>\n<ul>\n<li><span style=\"font-size: 16px;\">La jurisprud\u00e8ncia ha anat establint que no n\u2019hi ha prou amb haver estat molts anys com a inter\u00ed. Cal valorar les circumst\u00e0ncies concretes: la durada de la relaci\u00f3, la naturalesa de la pla\u00e7a, les funcions desenvolupades i si la temporalitat s\u2019ha utilitzat per cobrir una necessitat que, en realitat, era permanent o estructural.<\/span><\/li>\n<li><span style=\"font-size: 16px;\">En aquests casos, la persona afectada pot plantejar una reclamaci\u00f3 pels danys materials o morals efectivament acreditats. La indemnitzaci\u00f3, per tant, no deriva simplement dels anys treballats com a inter\u00ed, sin\u00f3 de l\u2019exist\u00e8ncia d\u2019un perjudici que pugui demostrar-se.<\/span><\/li>\n<\/ul>\n<h3>Qu\u00e8 significa per als treballadors afectats ?<\/h3>\n<ul>\n<li><span style=\"font-size: 16px;\">Si ets o has estat personal inter\u00ed i consideres que has patit una situaci\u00f3 de temporalitat abusiva, \u00e9s important revisar el teu cas abans de donar per fet que tens o no tens dret a reclamar.<\/span><\/li>\n<li><span style=\"font-size: 16px;\">Una situaci\u00f3 de temporalitat prolongada no sempre \u00e9s abusiva, per\u00f2 tampoc s\u2019ha de donar per normal sense analitzar-la.<\/span><\/li>\n<li><span style=\"font-size: 16px;\">Si tens dubtes sobre la teva situaci\u00f3 laboral, el nostre equip d\u2019assessorament laboral pot estudiar el teu cas i orientar-te sobre els passos que pots seguir.<\/span><\/li>\n<\/ul>\n<p><img fetchpriority=\"high\" decoding=\"async\" class=\"alignnone size-medium wp-image-15041\" src=\"https:\/\/www.rm-assessors.cat\/wp-content\/uploads\/2026\/07\/llibre-300x200.jpg\" alt=\"\" width=\"300\" height=\"200\" srcset=\"https:\/\/www.rm-assessors.cat\/wp-content\/uploads\/2026\/07\/llibre-300x200.jpg 300w, https:\/\/www.rm-assessors.cat\/wp-content\/uploads\/2026\/07\/llibre-1024x683.jpg 1024w, https:\/\/www.rm-assessors.cat\/wp-content\/uploads\/2026\/07\/llibre-768x512.jpg 768w, https:\/\/www.rm-assessors.cat\/wp-content\/uploads\/2026\/07\/llibre-1536x1024.jpg 1536w, https:\/\/www.rm-assessors.cat\/wp-content\/uploads\/2026\/07\/llibre-600x400.jpg 600w, https:\/\/www.rm-assessors.cat\/wp-content\/uploads\/2026\/07\/llibre.jpg 1920w\" sizes=\"(max-width: 300px) 100vw, 300px\" \/><\/p>\n<h5><em><span style=\"font-size: 16px;\">A RM Assessors t\u2019ajudem a analitzar la teva situaci\u00f3 laboral, revisar la contractaci\u00f3 i la documentaci\u00f3 disponible i valorar quines opcions existeixen en funci\u00f3 de les circumst\u00e0ncies concretes del cas.<\/span><\/em><\/h5>\n","protected":false},"excerpt":{"rendered":"<p>El Tribunal Suprem ha fet un pas important en relaci\u00f3 amb les situacions de\u00a0temporalitat abusiva en l\u2019ocupaci\u00f3 p\u00fablica. Una recent sent\u00e8ncia obre la porta que les persones interines que hagin patit un \u00fas abusiu de la contractaci\u00f3 temporal puguin reclamar una indemnitzaci\u00f3 pels perjudicis ocasionats. La resoluci\u00f3 del Tribunal Suprem, per\u00f2, no implica que tots [&hellip;]<\/p>\n","protected":false},"author":20,"featured_media":14236,"comment_status":"closed","ping_status":"closed","sticky":false,"template":"","format":"standard","meta":{"_acf_changed":false,"site-sidebar-layout":"default","site-content-layout":"","ast-site-content-layout":"default","site-content-style":"default","site-sidebar-style":"default","ast-global-header-display":"","ast-banner-title-visibility":"","ast-main-header-display":"","ast-hfb-above-header-display":"","ast-hfb-below-header-display":"","ast-hfb-mobile-header-display":"","site-post-title":"","ast-breadcrumbs-content":"","ast-featured-img":"","footer-sml-layout":"","ast-disable-related-posts":"","theme-transparent-header-meta":"default","adv-header-id-meta":"","stick-header-meta":"","header-above-stick-meta":"","header-main-stick-meta":"","header-below-stick-meta":"","astra-migrate-meta-layouts":"set","ast-page-background-enabled":"default","ast-page-background-meta":{"desktop":{"background-color":"","background-image":"","background-repeat":"repeat","background-position":"center center","background-size":"auto","background-attachment":"scroll","background-type":"","background-media":"","overlay-type":"","overlay-color":"","overlay-opacity":"","overlay-gradient":""},"tablet":{"background-color":"","background-image":"","background-repeat":"repeat","background-position":"center center","background-size":"auto","background-attachment":"scroll","background-type":"","background-media":"","overlay-type":"","overlay-color":"","overlay-opacity":"","overlay-gradient":""},"mobile":{"background-color":"","background-image":"","background-repeat":"repeat","background-position":"center center","background-size":"auto","background-attachment":"scroll","background-type":"","background-media":"","overlay-type":"","overlay-color":"","overlay-opacity":"","overlay-gradient":""}},"ast-content-background-meta":{"desktop":{"background-color":"var(--ast-global-color-5)","background-image":"","background-repeat":"repeat","background-position":"center center","background-size":"auto","background-attachment":"scroll","background-type":"","background-media":"","overlay-type":"","overlay-color":"","overlay-opacity":"","overlay-gradient":""},"tablet":{"background-color":"var(--ast-global-color-5)","background-image":"","background-repeat":"repeat","background-position":"center center","background-size":"auto","background-attachment":"scroll","background-type":"","background-media":"","overlay-type":"","overlay-color":"","overlay-opacity":"","overlay-gradient":""},"mobile":{"background-color":"var(--ast-global-color-5)","background-image":"","background-repeat":"repeat","background-position":"center center","background-size":"auto","background-attachment":"scroll","background-type":"","background-media":"","overlay-type":"","overlay-color":"","overlay-opacity":"","overlay-gradient":""}},"footnotes":""},"categories":[21,17],"tags":[3497,3496,3498],"class_list":["post-15166","post","type-post","status-publish","format-standard","has-post-thumbnail","hentry","category-butlleti-mensual","category-juridica","tag-indemnitzacio-treballadors-interins","tag-interins-abus-temporalitat","tag-treballadors-interins-administracio"],"acf":[],"yoast_head":"<!-- This site is optimized with the Yoast SEO plugin v28.3 - https:\/\/yoast.com\/product\/yoast-seo-wordpress\/ -->\n<title>El Tribunal Suprem obre la porta a indemnitzar els interins per ab\u00fas de temporalitat | RM Assessors<\/title>\n<meta name=\"robots\" content=\"index, follow, max-snippet:-1, max-image-preview:large, max-video-preview:-1\" \/>\n<link rel=\"canonical\" href=\"https:\/\/www.rm-assessors.cat\/en\/el-tribunal-suprem-obre-la-porta-a-indemnitzar-els-interins-per-abus-de-temporalitat\/\" \/>\n<meta property=\"og:locale\" content=\"en_US\" \/>\n<meta property=\"og:type\" content=\"article\" \/>\n<meta property=\"og:title\" content=\"El Tribunal Suprem obre la porta a indemnitzar els interins per ab\u00fas de temporalitat | RM Assessors\" \/>\n<meta property=\"og:description\" content=\"El Tribunal Suprem ha fet un pas important en relaci\u00f3 amb les situacions de\u00a0temporalitat abusiva en l\u2019ocupaci\u00f3 p\u00fablica. Una recent sent\u00e8ncia obre la porta que les persones interines que hagin patit un \u00fas abusiu de la contractaci\u00f3 temporal puguin reclamar una indemnitzaci\u00f3 pels perjudicis ocasionats. La resoluci\u00f3 del Tribunal Suprem, per\u00f2, no implica que tots [&hellip;]\" \/>\n<meta property=\"og:url\" content=\"https:\/\/www.rm-assessors.cat\/en\/el-tribunal-suprem-obre-la-porta-a-indemnitzar-els-interins-per-abus-de-temporalitat\/\" \/>\n<meta property=\"og:site_name\" content=\"RM Assessors\" \/>\n<meta property=\"article:publisher\" content=\"https:\/\/www.facebook.com\/rmassessors\" \/>\n<meta property=\"article:published_time\" content=\"2026-09-01T10:57:27+00:00\" \/>\n<meta property=\"og:image\" content=\"https:\/\/www.rm-assessors.cat\/wp-content\/uploads\/2025\/10\/1pexels-photo-3184611-1759306433_1759311981image.jpeg\" \/>\n\t<meta property=\"og:image:width\" content=\"810\" \/>\n\t<meta property=\"og:image:height\" content=\"450\" \/>\n\t<meta property=\"og:image:type\" content=\"image\/jpeg\" \/>\n<meta name=\"author\" content=\"RM Assessors\" \/>\n<meta name=\"twitter:card\" content=\"summary_large_image\" \/>\n<meta name=\"twitter:creator\" content=\"@RMAssessors\" \/>\n<meta name=\"twitter:site\" content=\"@RMAssessors\" \/>\n<meta name=\"twitter:label1\" content=\"Written by\" \/>\n\t<meta name=\"twitter:data1\" content=\"RM Assessors\" \/>\n\t<meta name=\"twitter:label2\" content=\"Est. reading time\" \/>\n\t<meta name=\"twitter:data2\" content=\"3 minutes\" \/>\n<script type=\"application\/ld+json\" class=\"yoast-schema-graph\">{\"@context\":\"https:\\\/\\\/schema.org\",\"@graph\":[{\"@type\":\"Article\",\"@id\":\"https:\\\/\\\/www.rm-assessors.cat\\\/en\\\/el-tribunal-suprem-obre-la-porta-a-indemnitzar-els-interins-per-abus-de-temporalitat\\\/#article\",\"isPartOf\":{\"@id\":\"https:\\\/\\\/www.rm-assessors.cat\\\/en\\\/el-tribunal-suprem-obre-la-porta-a-indemnitzar-els-interins-per-abus-de-temporalitat\\\/\"},\"author\":{\"name\":\"RM Assessors\",\"@id\":\"https:\\\/\\\/www.rm-assessors.cat\\\/en\\\/#\\\/schema\\\/person\\\/970a33ffb7fd3d9f359617527394de40\"},\"headline\":\"El Tribunal Suprem obre la porta a indemnitzar els interins per ab\u00fas de temporalitat\",\"datePublished\":\"2026-09-01T10:57:27+00:00\",\"mainEntityOfPage\":{\"@id\":\"https:\\\/\\\/www.rm-assessors.cat\\\/en\\\/el-tribunal-suprem-obre-la-porta-a-indemnitzar-els-interins-per-abus-de-temporalitat\\\/\"},\"wordCount\":335,\"publisher\":{\"@id\":\"https:\\\/\\\/www.rm-assessors.cat\\\/en\\\/#organization\"},\"image\":{\"@id\":\"https:\\\/\\\/www.rm-assessors.cat\\\/en\\\/el-tribunal-suprem-obre-la-porta-a-indemnitzar-els-interins-per-abus-de-temporalitat\\\/#primaryimage\"},\"thumbnailUrl\":\"https:\\\/\\\/www.rm-assessors.cat\\\/wp-content\\\/uploads\\\/2025\\\/10\\\/1pexels-photo-3184611-1759306433_1759311981image.jpeg\",\"keywords\":[\"indemnitzaci\u00f3 treballadors interins\",\"interins ab\u00fas temporalitat\",\"treballadors interins administraci\u00f3\"],\"articleSection\":[\"Butllet\u00ed mensual\",\"Jur\u00eddica\"],\"inLanguage\":\"en-US\"},{\"@type\":\"WebPage\",\"@id\":\"https:\\\/\\\/www.rm-assessors.cat\\\/en\\\/el-tribunal-suprem-obre-la-porta-a-indemnitzar-els-interins-per-abus-de-temporalitat\\\/\",\"url\":\"https:\\\/\\\/www.rm-assessors.cat\\\/en\\\/el-tribunal-suprem-obre-la-porta-a-indemnitzar-els-interins-per-abus-de-temporalitat\\\/\",\"name\":\"El Tribunal Suprem obre la porta a indemnitzar els interins per ab\u00fas de temporalitat | RM Assessors\",\"isPartOf\":{\"@id\":\"https:\\\/\\\/www.rm-assessors.cat\\\/en\\\/#website\"},\"primaryImageOfPage\":{\"@id\":\"https:\\\/\\\/www.rm-assessors.cat\\\/en\\\/el-tribunal-suprem-obre-la-porta-a-indemnitzar-els-interins-per-abus-de-temporalitat\\\/#primaryimage\"},\"image\":{\"@id\":\"https:\\\/\\\/www.rm-assessors.cat\\\/en\\\/el-tribunal-suprem-obre-la-porta-a-indemnitzar-els-interins-per-abus-de-temporalitat\\\/#primaryimage\"},\"thumbnailUrl\":\"https:\\\/\\\/www.rm-assessors.cat\\\/wp-content\\\/uploads\\\/2025\\\/10\\\/1pexels-photo-3184611-1759306433_1759311981image.jpeg\",\"datePublished\":\"2026-09-01T10:57:27+00:00\",\"breadcrumb\":{\"@id\":\"https:\\\/\\\/www.rm-assessors.cat\\\/en\\\/el-tribunal-suprem-obre-la-porta-a-indemnitzar-els-interins-per-abus-de-temporalitat\\\/#breadcrumb\"},\"inLanguage\":\"en-US\",\"potentialAction\":[{\"@type\":\"ReadAction\",\"target\":[\"https:\\\/\\\/www.rm-assessors.cat\\\/en\\\/el-tribunal-suprem-obre-la-porta-a-indemnitzar-els-interins-per-abus-de-temporalitat\\\/\"]}]},{\"@type\":\"ImageObject\",\"inLanguage\":\"en-US\",\"@id\":\"https:\\\/\\\/www.rm-assessors.cat\\\/en\\\/el-tribunal-suprem-obre-la-porta-a-indemnitzar-els-interins-per-abus-de-temporalitat\\\/#primaryimage\",\"url\":\"https:\\\/\\\/www.rm-assessors.cat\\\/wp-content\\\/uploads\\\/2025\\\/10\\\/1pexels-photo-3184611-1759306433_1759311981image.jpeg\",\"contentUrl\":\"https:\\\/\\\/www.rm-assessors.cat\\\/wp-content\\\/uploads\\\/2025\\\/10\\\/1pexels-photo-3184611-1759306433_1759311981image.jpeg\",\"width\":810,\"height\":450},{\"@type\":\"BreadcrumbList\",\"@id\":\"https:\\\/\\\/www.rm-assessors.cat\\\/en\\\/el-tribunal-suprem-obre-la-porta-a-indemnitzar-els-interins-per-abus-de-temporalitat\\\/#breadcrumb\",\"itemListElement\":[{\"@type\":\"ListItem\",\"position\":1,\"name\":\"Inici\",\"item\":\"https:\\\/\\\/www.rm-assessors.cat\\\/en\\\/\"},{\"@type\":\"ListItem\",\"position\":2,\"name\":\"El Tribunal Suprem obre la porta a indemnitzar els interins per ab\u00fas de temporalitat\"}]},{\"@type\":\"WebSite\",\"@id\":\"https:\\\/\\\/www.rm-assessors.cat\\\/en\\\/#website\",\"url\":\"https:\\\/\\\/www.rm-assessors.cat\\\/en\\\/\",\"name\":\"RM Assessors\",\"description\":\"Assessoria i gestoria a Girona, Figueres i Breda.\",\"publisher\":{\"@id\":\"https:\\\/\\\/www.rm-assessors.cat\\\/en\\\/#organization\"},\"alternateName\":\"RM Assessors\",\"potentialAction\":[{\"@type\":\"SearchAction\",\"target\":{\"@type\":\"EntryPoint\",\"urlTemplate\":\"https:\\\/\\\/www.rm-assessors.cat\\\/en\\\/?s={search_term_string}\"},\"query-input\":{\"@type\":\"PropertyValueSpecification\",\"valueRequired\":true,\"valueName\":\"search_term_string\"}}],\"inLanguage\":\"en-US\"},{\"@type\":\"Organization\",\"@id\":\"https:\\\/\\\/www.rm-assessors.cat\\\/en\\\/#organization\",\"name\":\"RM Assessors\",\"alternateName\":\"RM Assessors\",\"url\":\"https:\\\/\\\/www.rm-assessors.cat\\\/en\\\/\",\"logo\":{\"@type\":\"ImageObject\",\"inLanguage\":\"en-US\",\"@id\":\"https:\\\/\\\/www.rm-assessors.cat\\\/en\\\/#\\\/schema\\\/logo\\\/image\\\/\",\"url\":\"https:\\\/\\\/www.rm-assessors.cat\\\/wp-content\\\/uploads\\\/2023\\\/09\\\/RM-Serveis_Assessors.svg\",\"contentUrl\":\"https:\\\/\\\/www.rm-assessors.cat\\\/wp-content\\\/uploads\\\/2023\\\/09\\\/RM-Serveis_Assessors.svg\",\"width\":200,\"height\":200,\"caption\":\"RM Assessors\"},\"image\":{\"@id\":\"https:\\\/\\\/www.rm-assessors.cat\\\/en\\\/#\\\/schema\\\/logo\\\/image\\\/\"},\"sameAs\":[\"https:\\\/\\\/www.facebook.com\\\/rmassessors\",\"https:\\\/\\\/x.com\\\/RMAssessors\",\"https:\\\/\\\/www.linkedin.com\\\/company\\\/rm-assessors\\\/\",\"https:\\\/\\\/www.instagram.com\\\/rm_assessors\\\/\"]},{\"@type\":\"Person\",\"@id\":\"https:\\\/\\\/www.rm-assessors.cat\\\/en\\\/#\\\/schema\\\/person\\\/970a33ffb7fd3d9f359617527394de40\",\"name\":\"RM Assessors\",\"image\":{\"@type\":\"ImageObject\",\"inLanguage\":\"en-US\",\"@id\":\"https:\\\/\\\/secure.gravatar.com\\\/avatar\\\/7c9e18e8cd8a71efd804b7b8d6c90bc1f526d78314c1f87275cc867c6e4bef87?s=96&d=mm&r=g\",\"url\":\"https:\\\/\\\/secure.gravatar.com\\\/avatar\\\/7c9e18e8cd8a71efd804b7b8d6c90bc1f526d78314c1f87275cc867c6e4bef87?s=96&d=mm&r=g\",\"contentUrl\":\"https:\\\/\\\/secure.gravatar.com\\\/avatar\\\/7c9e18e8cd8a71efd804b7b8d6c90bc1f526d78314c1f87275cc867c6e4bef87?s=96&d=mm&r=g\",\"caption\":\"RM Assessors\"},\"sameAs\":[\"https:\\\/\\\/www.rm-assessors.cat\\\/\"]}]}<\/script>\n<!-- \/ Yoast SEO plugin. -->","yoast_head_json":{"title":"El Tribunal Suprem obre la porta a indemnitzar els interins per ab\u00fas de temporalitat | RM Assessors","robots":{"index":"index","follow":"follow","max-snippet":"max-snippet:-1","max-image-preview":"max-image-preview:large","max-video-preview":"max-video-preview:-1"},"canonical":"https:\/\/www.rm-assessors.cat\/en\/el-tribunal-suprem-obre-la-porta-a-indemnitzar-els-interins-per-abus-de-temporalitat\/","og_locale":"en_US","og_type":"article","og_title":"El Tribunal Suprem obre la porta a indemnitzar els interins per ab\u00fas de temporalitat | RM Assessors","og_description":"El Tribunal Suprem ha fet un pas important en relaci\u00f3 amb les situacions de\u00a0temporalitat abusiva en l\u2019ocupaci\u00f3 p\u00fablica. Una recent sent\u00e8ncia obre la porta que les persones interines que hagin patit un \u00fas abusiu de la contractaci\u00f3 temporal puguin reclamar una indemnitzaci\u00f3 pels perjudicis ocasionats. La resoluci\u00f3 del Tribunal Suprem, per\u00f2, no implica que tots [&hellip;]","og_url":"https:\/\/www.rm-assessors.cat\/en\/el-tribunal-suprem-obre-la-porta-a-indemnitzar-els-interins-per-abus-de-temporalitat\/","og_site_name":"RM Assessors","article_publisher":"https:\/\/www.facebook.com\/rmassessors","article_published_time":"2026-09-01T10:57:27+00:00","og_image":[{"width":810,"height":450,"url":"https:\/\/www.rm-assessors.cat\/wp-content\/uploads\/2025\/10\/1pexels-photo-3184611-1759306433_1759311981image.jpeg","type":"image\/jpeg"}],"author":"RM Assessors","twitter_card":"summary_large_image","twitter_creator":"@RMAssessors","twitter_site":"@RMAssessors","twitter_misc":{"Written by":"RM Assessors","Est. reading time":"3 minutes"},"schema":{"@context":"https:\/\/schema.org","@graph":[{"@type":"Article","@id":"https:\/\/www.rm-assessors.cat\/en\/el-tribunal-suprem-obre-la-porta-a-indemnitzar-els-interins-per-abus-de-temporalitat\/#article","isPartOf":{"@id":"https:\/\/www.rm-assessors.cat\/en\/el-tribunal-suprem-obre-la-porta-a-indemnitzar-els-interins-per-abus-de-temporalitat\/"},"author":{"name":"RM Assessors","@id":"https:\/\/www.rm-assessors.cat\/en\/#\/schema\/person\/970a33ffb7fd3d9f359617527394de40"},"headline":"El Tribunal Suprem obre la porta a indemnitzar els interins per ab\u00fas de temporalitat","datePublished":"2026-09-01T10:57:27+00:00","mainEntityOfPage":{"@id":"https:\/\/www.rm-assessors.cat\/en\/el-tribunal-suprem-obre-la-porta-a-indemnitzar-els-interins-per-abus-de-temporalitat\/"},"wordCount":335,"publisher":{"@id":"https:\/\/www.rm-assessors.cat\/en\/#organization"},"image":{"@id":"https:\/\/www.rm-assessors.cat\/en\/el-tribunal-suprem-obre-la-porta-a-indemnitzar-els-interins-per-abus-de-temporalitat\/#primaryimage"},"thumbnailUrl":"https:\/\/www.rm-assessors.cat\/wp-content\/uploads\/2025\/10\/1pexels-photo-3184611-1759306433_1759311981image.jpeg","keywords":["indemnitzaci\u00f3 treballadors interins","interins ab\u00fas temporalitat","treballadors interins administraci\u00f3"],"articleSection":["Butllet\u00ed mensual","Jur\u00eddica"],"inLanguage":"en-US"},{"@type":"WebPage","@id":"https:\/\/www.rm-assessors.cat\/en\/el-tribunal-suprem-obre-la-porta-a-indemnitzar-els-interins-per-abus-de-temporalitat\/","url":"https:\/\/www.rm-assessors.cat\/en\/el-tribunal-suprem-obre-la-porta-a-indemnitzar-els-interins-per-abus-de-temporalitat\/","name":"El Tribunal Suprem obre la porta a indemnitzar els interins per ab\u00fas de temporalitat | RM Assessors","isPartOf":{"@id":"https:\/\/www.rm-assessors.cat\/en\/#website"},"primaryImageOfPage":{"@id":"https:\/\/www.rm-assessors.cat\/en\/el-tribunal-suprem-obre-la-porta-a-indemnitzar-els-interins-per-abus-de-temporalitat\/#primaryimage"},"image":{"@id":"https:\/\/www.rm-assessors.cat\/en\/el-tribunal-suprem-obre-la-porta-a-indemnitzar-els-interins-per-abus-de-temporalitat\/#primaryimage"},"thumbnailUrl":"https:\/\/www.rm-assessors.cat\/wp-content\/uploads\/2025\/10\/1pexels-photo-3184611-1759306433_1759311981image.jpeg","datePublished":"2026-09-01T10:57:27+00:00","breadcrumb":{"@id":"https:\/\/www.rm-assessors.cat\/en\/el-tribunal-suprem-obre-la-porta-a-indemnitzar-els-interins-per-abus-de-temporalitat\/#breadcrumb"},"inLanguage":"en-US","potentialAction":[{"@type":"ReadAction","target":["https:\/\/www.rm-assessors.cat\/en\/el-tribunal-suprem-obre-la-porta-a-indemnitzar-els-interins-per-abus-de-temporalitat\/"]}]},{"@type":"ImageObject","inLanguage":"en-US","@id":"https:\/\/www.rm-assessors.cat\/en\/el-tribunal-suprem-obre-la-porta-a-indemnitzar-els-interins-per-abus-de-temporalitat\/#primaryimage","url":"https:\/\/www.rm-assessors.cat\/wp-content\/uploads\/2025\/10\/1pexels-photo-3184611-1759306433_1759311981image.jpeg","contentUrl":"https:\/\/www.rm-assessors.cat\/wp-content\/uploads\/2025\/10\/1pexels-photo-3184611-1759306433_1759311981image.jpeg","width":810,"height":450},{"@type":"BreadcrumbList","@id":"https:\/\/www.rm-assessors.cat\/en\/el-tribunal-suprem-obre-la-porta-a-indemnitzar-els-interins-per-abus-de-temporalitat\/#breadcrumb","itemListElement":[{"@type":"ListItem","position":1,"name":"Inici","item":"https:\/\/www.rm-assessors.cat\/en\/"},{"@type":"ListItem","position":2,"name":"El Tribunal Suprem obre la porta a indemnitzar els interins per ab\u00fas de temporalitat"}]},{"@type":"WebSite","@id":"https:\/\/www.rm-assessors.cat\/en\/#website","url":"https:\/\/www.rm-assessors.cat\/en\/","name":"RM Assessors","description":"Assessoria i gestoria a Girona, Figueres i Breda.","publisher":{"@id":"https:\/\/www.rm-assessors.cat\/en\/#organization"},"alternateName":"RM Assessors","potentialAction":[{"@type":"SearchAction","target":{"@type":"EntryPoint","urlTemplate":"https:\/\/www.rm-assessors.cat\/en\/?s={search_term_string}"},"query-input":{"@type":"PropertyValueSpecification","valueRequired":true,"valueName":"search_term_string"}}],"inLanguage":"en-US"},{"@type":"Organization","@id":"https:\/\/www.rm-assessors.cat\/en\/#organization","name":"RM Assessors","alternateName":"RM Assessors","url":"https:\/\/www.rm-assessors.cat\/en\/","logo":{"@type":"ImageObject","inLanguage":"en-US","@id":"https:\/\/www.rm-assessors.cat\/en\/#\/schema\/logo\/image\/","url":"https:\/\/www.rm-assessors.cat\/wp-content\/uploads\/2023\/09\/RM-Serveis_Assessors.svg","contentUrl":"https:\/\/www.rm-assessors.cat\/wp-content\/uploads\/2023\/09\/RM-Serveis_Assessors.svg","width":200,"height":200,"caption":"RM Assessors"},"image":{"@id":"https:\/\/www.rm-assessors.cat\/en\/#\/schema\/logo\/image\/"},"sameAs":["https:\/\/www.facebook.com\/rmassessors","https:\/\/x.com\/RMAssessors","https:\/\/www.linkedin.com\/company\/rm-assessors\/","https:\/\/www.instagram.com\/rm_assessors\/"]},{"@type":"Person","@id":"https:\/\/www.rm-assessors.cat\/en\/#\/schema\/person\/970a33ffb7fd3d9f359617527394de40","name":"RM Assessors","image":{"@type":"ImageObject","inLanguage":"en-US","@id":"https:\/\/secure.gravatar.com\/avatar\/7c9e18e8cd8a71efd804b7b8d6c90bc1f526d78314c1f87275cc867c6e4bef87?s=96&d=mm&r=g","url":"https:\/\/secure.gravatar.com\/avatar\/7c9e18e8cd8a71efd804b7b8d6c90bc1f526d78314c1f87275cc867c6e4bef87?s=96&d=mm&r=g","contentUrl":"https:\/\/secure.gravatar.com\/avatar\/7c9e18e8cd8a71efd804b7b8d6c90bc1f526d78314c1f87275cc867c6e4bef87?s=96&d=mm&r=g","caption":"RM Assessors"},"sameAs":["https:\/\/www.rm-assessors.cat\/"]}]}},"_links":{"self":[{"href":"https:\/\/www.rm-assessors.cat\/en\/wp-json\/wp\/v2\/posts\/15166","targetHints":{"allow":["GET"]}}],"collection":[{"href":"https:\/\/www.rm-assessors.cat\/en\/wp-json\/wp\/v2\/posts"}],"about":[{"href":"https:\/\/www.rm-assessors.cat\/en\/wp-json\/wp\/v2\/types\/post"}],"author":[{"embeddable":true,"href":"https:\/\/www.rm-assessors.cat\/en\/wp-json\/wp\/v2\/users\/20"}],"replies":[{"embeddable":true,"href":"https:\/\/www.rm-assessors.cat\/en\/wp-json\/wp\/v2\/comments?post=15166"}],"version-history":[{"count":1,"href":"https:\/\/www.rm-assessors.cat\/en\/wp-json\/wp\/v2\/posts\/15166\/revisions"}],"predecessor-version":[{"id":15168,"href":"https:\/\/www.rm-assessors.cat\/en\/wp-json\/wp\/v2\/posts\/15166\/revisions\/15168"}],"wp:featuredmedia":[{"embeddable":true,"href":"https:\/\/www.rm-assessors.cat\/en\/wp-json\/wp\/v2\/media\/14236"}],"wp:attachment":[{"href":"https:\/\/www.rm-assessors.cat\/en\/wp-json\/wp\/v2\/media?parent=15166"}],"wp:term":[{"taxonomy":"category","embeddable":true,"href":"https:\/\/www.rm-assessors.cat\/en\/wp-json\/wp\/v2\/categories?post=15166"},{"taxonomy":"post_tag","embeddable":true,"href":"https:\/\/www.rm-assessors.cat\/en\/wp-json\/wp\/v2\/tags?post=15166"}],"curies":[{"name":"wp","href":"https:\/\/api.w.org\/{rel}","templated":true}]}}