{"id":15172,"date":"2026-09-02T18:14:56","date_gmt":"2026-09-02T16:14:56","guid":{"rendered":"https:\/\/www.rm-assessors.cat\/?p=15172"},"modified":"2026-09-04T10:58:15","modified_gmt":"2026-09-04T08:58:15","slug":"les-empreses-disposen-ara-de-sis-dies-per-a-comunicar-les-baixes-a-la-seguretat-social","status":"publish","type":"post","link":"https:\/\/www.rm-assessors.cat\/es\/les-empreses-disposen-ara-de-sis-dies-per-a-comunicar-les-baixes-a-la-seguretat-social\/","title":{"rendered":"Les empreses disposen ara de sis dies per a comunicar les baixes a la Seguretat Social"},"content":{"rendered":"<h5>Les baixes de treballadors i determinades variacions de les seves dades ja no han de comunicar-se en tres dies naturals. La reforma porta a m\u00e9s canvis en els ajornaments de deutes.<\/h5>\n<p>&nbsp;<\/p>\n<p>El canvi ha arribat de la m\u00e0 del <strong><em><a href=\"https:\/\/www.boe.es\/boe\/dias\/2026\/07\/30\/pdfs\/BOE-A-2026-16557.pdf\">Reial decret 643\/2026, de 29 de juliol, publicat al BOE del 30 de juliol<\/a>,<\/em><\/strong><\/p>\n<h3>Termini per comunicar les baixes i les variacions de dades dels treballadors<\/h3>\n<ul>\n<li><strong>A partir del dia 1.8.2026:<\/strong> Sis dies naturals.<\/li>\n<li><strong>Fins el 31.7.2026:<\/strong> Tres dies naturals<\/li>\n<\/ul>\n<p>La paraula \u00abnaturals\u00bb \u00e9s important. No parlem de sis dies laborables. Dissabtes, diumenges i festius formen part del c\u00f2mput.<\/p>\n<p>Que s&#8217;hagi ampliat el termini de les baixes no afecta a les altes que s&#8217;han de seguir notificant abans del comen\u00e7ament de l&#8217;activitat.<\/p>\n<h3>Tamb\u00e9 hi ha canvis en els ajornaments de deutes<\/h3>\n<ul>\n<li><strong>Deutes iguals o inferiors s 150.000 \u20ac:<\/strong>\u00a0 Amb la nova regulaci\u00f3 no ser\u00e0 necessari constituir garanties.<\/li>\n<li><strong>Deutes entre 150.001 \u20ac i 250.000 \u20ac:<\/strong> Tampoc caldr\u00e0 garanties\u00a0 si s&#8217;acorda ingressar almenys un ter\u00e7 dins dels deu dies seg\u00fcents a la notificaci\u00f3 de la concessi\u00f3 i la resta s&#8217;abona durant els dos anys seg\u00fcents.<\/li>\n<\/ul>\n<p><strong>Atenci\u00f3.<\/strong> Que no sigui obligatori aportar garanties no significa que l&#8217;ajornament es concedeixi autom\u00e0ticament. Continuen existint requisits que s&#8217;han d&#8217;analitzar en cada expedient.<\/p>\n<h3>Casos en que es pot denegar l&#8217;ajornament d&#8217;un deute per la seva escassa quantia<\/h3>\n<p>El l\u00edmit passa del doble del salari m\u00ednim interprofessional (SMI) mensual a un SMI mensual vigent en el moment de presentar la sol\u00b7licitud.<\/p>\n<p>En la pr\u00e0ctica, aquesta reducci\u00f3 pot permetre que determinats deutes que anteriorment trobaven aquesta barrera tinguin ara m\u00e9s opcions d&#8217;accedir a un ajornament.<\/p>\n<p>A m\u00e9s, aquesta circumst\u00e0ncia no ser\u00e0 aplicable a aquells ajornaments que arribin a tramitar-se i concedir-se de manera automatitzada.<\/p>\n<ul>\n<li><strong>Atenci\u00f3.<\/strong> No s&#8217;ha d&#8217;interpretar el nou l\u00edmit com un dret autom\u00e0tic a l&#8217;ajornament. Es modifica una causa de possible denegaci\u00f3, per\u00f2 continuen sent aplicables les restants condicions del procediment.<\/li>\n<\/ul>\n<h3>Hi ha deutes que continuen sent inajornables<\/h3>\n<ul>\n<li>\u00a0Aportaci\u00f3 dels treballadors per compte d&#8217;altri o assimilats.<\/li>\n<li><span style=\"font-size: 16px;\">Les quotes corresponents a les conting\u00e8ncies d&#8217;accidents de treball i malalties professionals.<\/span><\/li>\n<\/ul>\n<p>La norma aclareix, a m\u00e9s, que aquesta \u00faltima limitaci\u00f3 afecta tant a treballadors per compte d&#8217;altri com a treballadors per compte propi.<\/p>\n<p>Aquestes quantitats hauran d&#8217;ingressar-se, si no s&#8217;haguessin pagat abans, dins del mes seg\u00fcent a la notificaci\u00f3 de la resoluci\u00f3 per la qual es concedeixi l&#8217;ajornament.<\/p>\n<ul>\n<li><strong>Atenci\u00f3.<\/strong> Un deute amb la Seguretat Social pot contenir conceptes ajornables i altres que no ho s\u00f3n. Abans de sol\u00b7licitar l&#8217;ajornament conv\u00e9 separar correctament uns i altres.<\/li>\n<\/ul>\n<h3>Nova obligaci\u00f3 sobre l&#8217;ocupaci\u00f3 dels treballadors<\/h3>\n<p>S&#8217;estableix un termini de sis mesos des de la seva entrada en vigor perqu\u00e8 els empresaris comuniquin a la Tresoreria General de la Seguretat Social el codi d&#8217;ocupaci\u00f3 laboral, \u00fanica o principal, dels treballadors per compte d&#8217;altri que es trobin d&#8217;alta, d&#8217;acord amb la Classificaci\u00f3 Nacional d&#8217;Ocupacions vigent.<\/p>\n<p>L&#8217;obligaci\u00f3 afecta aquells casos en els quals aquesta informaci\u00f3 encara no hagi estat comunicada.<\/p>\n<ul>\n<li><strong>Atenci\u00f3.<\/strong> No cal tornar a comunicar el codi quan la TGSS ja disposi correctament de la dada. El recomanable \u00e9s comprovar quins treballadors el tenen informat i quins romanen pendents.<\/li>\n<\/ul>\n<p><img fetchpriority=\"high\" decoding=\"async\" class=\"alignnone size-medium wp-image-14278\" src=\"https:\/\/www.rm-assessors.cat\/wp-content\/uploads\/2025\/10\/pexels-photo-8472795-1759908264_1759910296image-300x167.jpeg\" alt=\"\" width=\"300\" height=\"167\" srcset=\"https:\/\/www.rm-assessors.cat\/wp-content\/uploads\/2025\/10\/pexels-photo-8472795-1759908264_1759910296image-300x167.jpeg 300w, https:\/\/www.rm-assessors.cat\/wp-content\/uploads\/2025\/10\/pexels-photo-8472795-1759908264_1759910296image-768x427.jpeg 768w, https:\/\/www.rm-assessors.cat\/wp-content\/uploads\/2025\/10\/pexels-photo-8472795-1759908264_1759910296image-600x333.jpeg 600w, https:\/\/www.rm-assessors.cat\/wp-content\/uploads\/2025\/10\/pexels-photo-8472795-1759908264_1759910296image.jpeg 810w\" sizes=\"(max-width: 300px) 100vw, 300px\" \/><\/p>\n","protected":false},"excerpt":{"rendered":"<p>Les baixes de treballadors i determinades variacions de les seves dades ja no han de comunicar-se en tres dies naturals. La reforma porta a m\u00e9s canvis en els ajornaments de deutes. &nbsp; El canvi ha arribat de la m\u00e0 del Reial decret 643\/2026, de 29 de juliol, publicat al BOE del 30 de juliol, Termini [&hellip;]<\/p>\n","protected":false},"author":18,"featured_media":15169,"comment_status":"closed","ping_status":"closed","sticky":false,"template":"","format":"standard","meta":{"_acf_changed":false,"site-sidebar-layout":"default","site-content-layout":"","ast-site-content-layout":"default","site-content-style":"default","site-sidebar-style":"default","ast-global-header-display":"","ast-banner-title-visibility":"","ast-main-header-display":"","ast-hfb-above-header-display":"","ast-hfb-below-header-display":"","ast-hfb-mobile-header-display":"","site-post-title":"","ast-breadcrumbs-content":"","ast-featured-img":"","footer-sml-layout":"","ast-disable-related-posts":"","theme-transparent-header-meta":"default","adv-header-id-meta":"","stick-header-meta":"","header-above-stick-meta":"","header-main-stick-meta":"","header-below-stick-meta":"","astra-migrate-meta-layouts":"set","ast-page-background-enabled":"default","ast-page-background-meta":{"desktop":{"background-color":"","background-image":"","background-repeat":"repeat","background-position":"center center","background-size":"auto","background-attachment":"scroll","background-type":"","background-media":"","overlay-type":"","overlay-color":"","overlay-opacity":"","overlay-gradient":""},"tablet":{"background-color":"","background-image":"","background-repeat":"repeat","background-position":"center center","background-size":"auto","background-attachment":"scroll","background-type":"","background-media":"","overlay-type":"","overlay-color":"","overlay-opacity":"","overlay-gradient":""},"mobile":{"background-color":"","background-image":"","background-repeat":"repeat","background-position":"center center","background-size":"auto","background-attachment":"scroll","background-type":"","background-media":"","overlay-type":"","overlay-color":"","overlay-opacity":"","overlay-gradient":""}},"ast-content-background-meta":{"desktop":{"background-color":"var(--ast-global-color-5)","background-image":"","background-repeat":"repeat","background-position":"center center","background-size":"auto","background-attachment":"scroll","background-type":"","background-media":"","overlay-type":"","overlay-color":"","overlay-opacity":"","overlay-gradient":""},"tablet":{"background-color":"var(--ast-global-color-5)","background-image":"","background-repeat":"repeat","background-position":"center center","background-size":"auto","background-attachment":"scroll","background-type":"","background-media":"","overlay-type":"","overlay-color":"","overlay-opacity":"","overlay-gradient":""},"mobile":{"background-color":"var(--ast-global-color-5)","background-image":"","background-repeat":"repeat","background-position":"center center","background-size":"auto","background-attachment":"scroll","background-type":"","background-media":"","overlay-type":"","overlay-color":"","overlay-opacity":"","overlay-gradient":""}},"footnotes":""},"categories":[21,11],"tags":[1652,3500,3499],"class_list":["post-15172","post","type-post","status-publish","format-standard","has-post-thumbnail","hentry","category-butlleti-mensual","category-laboral","tag-ajornament-de-deutes","tag-comunicacio-baixes-s-social","tag-deutes-seguretat-social"],"acf":[],"yoast_head":"<!-- This site is optimized with the Yoast SEO plugin v28.3 - https:\/\/yoast.com\/product\/yoast-seo-wordpress\/ -->\n<title>Les empreses disposen ara de sis dies per a comunicar les baixes a la Seguretat Social | RM Assessors<\/title>\n<meta name=\"robots\" content=\"index, follow, max-snippet:-1, max-image-preview:large, max-video-preview:-1\" \/>\n<link rel=\"canonical\" href=\"https:\/\/www.rm-assessors.cat\/es\/les-empreses-disposen-ara-de-sis-dies-per-a-comunicar-les-baixes-a-la-seguretat-social\/\" \/>\n<meta property=\"og:locale\" content=\"es_ES\" \/>\n<meta property=\"og:type\" content=\"article\" \/>\n<meta property=\"og:title\" content=\"Les empreses disposen ara de sis dies per a comunicar les baixes a la Seguretat Social | RM Assessors\" \/>\n<meta property=\"og:description\" content=\"Les baixes de treballadors i determinades variacions de les seves dades ja no han de comunicar-se en tres dies naturals. La reforma porta a m\u00e9s canvis en els ajornaments de deutes. &nbsp; El canvi ha arribat de la m\u00e0 del Reial decret 643\/2026, de 29 de juliol, publicat al BOE del 30 de juliol, Termini [&hellip;]\" \/>\n<meta property=\"og:url\" content=\"https:\/\/www.rm-assessors.cat\/es\/les-empreses-disposen-ara-de-sis-dies-per-a-comunicar-les-baixes-a-la-seguretat-social\/\" \/>\n<meta property=\"og:site_name\" content=\"RM Assessors\" \/>\n<meta property=\"article:publisher\" content=\"https:\/\/www.facebook.com\/rmassessors\" \/>\n<meta property=\"article:published_time\" content=\"2026-09-02T16:14:56+00:00\" \/>\n<meta property=\"article:modified_time\" content=\"2026-09-04T08:58:15+00:00\" \/>\n<meta property=\"og:image\" content=\"https:\/\/www.rm-assessors.cat\/wp-content\/uploads\/2026\/09\/pexels-photo-6779333-1788334989_1788342852image.jpeg\" \/>\n\t<meta property=\"og:image:width\" content=\"810\" \/>\n\t<meta property=\"og:image:height\" content=\"450\" \/>\n\t<meta property=\"og:image:type\" content=\"image\/jpeg\" \/>\n<meta name=\"author\" content=\"Administrador Finques\" \/>\n<meta name=\"twitter:card\" content=\"summary_large_image\" \/>\n<meta name=\"twitter:creator\" content=\"@RMAssessors\" \/>\n<meta name=\"twitter:site\" content=\"@RMAssessors\" \/>\n<meta name=\"twitter:label1\" content=\"Escrito por\" \/>\n\t<meta name=\"twitter:data1\" content=\"Administrador Finques\" \/>\n\t<meta name=\"twitter:label2\" content=\"Tiempo de lectura\" \/>\n\t<meta name=\"twitter:data2\" content=\"4 minutos\" \/>\n<script type=\"application\/ld+json\" class=\"yoast-schema-graph\">{\"@context\":\"https:\\\/\\\/schema.org\",\"@graph\":[{\"@type\":\"Article\",\"@id\":\"https:\\\/\\\/www.rm-assessors.cat\\\/es\\\/les-empreses-disposen-ara-de-sis-dies-per-a-comunicar-les-baixes-a-la-seguretat-social\\\/#article\",\"isPartOf\":{\"@id\":\"https:\\\/\\\/www.rm-assessors.cat\\\/es\\\/les-empreses-disposen-ara-de-sis-dies-per-a-comunicar-les-baixes-a-la-seguretat-social\\\/\"},\"author\":{\"name\":\"Administrador Finques\",\"@id\":\"https:\\\/\\\/www.rm-assessors.cat\\\/es\\\/#\\\/schema\\\/person\\\/393d054648944d73a9704339ae3c804c\"},\"headline\":\"Les empreses disposen ara de sis dies per a comunicar les baixes a la Seguretat Social\",\"datePublished\":\"2026-09-02T16:14:56+00:00\",\"dateModified\":\"2026-09-04T08:58:15+00:00\",\"mainEntityOfPage\":{\"@id\":\"https:\\\/\\\/www.rm-assessors.cat\\\/es\\\/les-empreses-disposen-ara-de-sis-dies-per-a-comunicar-les-baixes-a-la-seguretat-social\\\/\"},\"wordCount\":567,\"publisher\":{\"@id\":\"https:\\\/\\\/www.rm-assessors.cat\\\/es\\\/#organization\"},\"image\":{\"@id\":\"https:\\\/\\\/www.rm-assessors.cat\\\/es\\\/les-empreses-disposen-ara-de-sis-dies-per-a-comunicar-les-baixes-a-la-seguretat-social\\\/#primaryimage\"},\"thumbnailUrl\":\"https:\\\/\\\/www.rm-assessors.cat\\\/wp-content\\\/uploads\\\/2026\\\/09\\\/pexels-photo-6779333-1788334989_1788342852image.jpeg\",\"keywords\":[\"ajornament de deutes\",\"comunicaci\u00f3 baixes S.Social\",\"deutes Seguretat Social\"],\"articleSection\":[\"Butllet\u00ed mensual\",\"Laboral\"],\"inLanguage\":\"es\"},{\"@type\":\"WebPage\",\"@id\":\"https:\\\/\\\/www.rm-assessors.cat\\\/es\\\/les-empreses-disposen-ara-de-sis-dies-per-a-comunicar-les-baixes-a-la-seguretat-social\\\/\",\"url\":\"https:\\\/\\\/www.rm-assessors.cat\\\/es\\\/les-empreses-disposen-ara-de-sis-dies-per-a-comunicar-les-baixes-a-la-seguretat-social\\\/\",\"name\":\"Les empreses disposen ara de sis dies per a comunicar les baixes a la Seguretat Social | RM Assessors\",\"isPartOf\":{\"@id\":\"https:\\\/\\\/www.rm-assessors.cat\\\/es\\\/#website\"},\"primaryImageOfPage\":{\"@id\":\"https:\\\/\\\/www.rm-assessors.cat\\\/es\\\/les-empreses-disposen-ara-de-sis-dies-per-a-comunicar-les-baixes-a-la-seguretat-social\\\/#primaryimage\"},\"image\":{\"@id\":\"https:\\\/\\\/www.rm-assessors.cat\\\/es\\\/les-empreses-disposen-ara-de-sis-dies-per-a-comunicar-les-baixes-a-la-seguretat-social\\\/#primaryimage\"},\"thumbnailUrl\":\"https:\\\/\\\/www.rm-assessors.cat\\\/wp-content\\\/uploads\\\/2026\\\/09\\\/pexels-photo-6779333-1788334989_1788342852image.jpeg\",\"datePublished\":\"2026-09-02T16:14:56+00:00\",\"dateModified\":\"2026-09-04T08:58:15+00:00\",\"breadcrumb\":{\"@id\":\"https:\\\/\\\/www.rm-assessors.cat\\\/es\\\/les-empreses-disposen-ara-de-sis-dies-per-a-comunicar-les-baixes-a-la-seguretat-social\\\/#breadcrumb\"},\"inLanguage\":\"es\",\"potentialAction\":[{\"@type\":\"ReadAction\",\"target\":[\"https:\\\/\\\/www.rm-assessors.cat\\\/es\\\/les-empreses-disposen-ara-de-sis-dies-per-a-comunicar-les-baixes-a-la-seguretat-social\\\/\"]}]},{\"@type\":\"ImageObject\",\"inLanguage\":\"es\",\"@id\":\"https:\\\/\\\/www.rm-assessors.cat\\\/es\\\/les-empreses-disposen-ara-de-sis-dies-per-a-comunicar-les-baixes-a-la-seguretat-social\\\/#primaryimage\",\"url\":\"https:\\\/\\\/www.rm-assessors.cat\\\/wp-content\\\/uploads\\\/2026\\\/09\\\/pexels-photo-6779333-1788334989_1788342852image.jpeg\",\"contentUrl\":\"https:\\\/\\\/www.rm-assessors.cat\\\/wp-content\\\/uploads\\\/2026\\\/09\\\/pexels-photo-6779333-1788334989_1788342852image.jpeg\",\"width\":810,\"height\":450},{\"@type\":\"BreadcrumbList\",\"@id\":\"https:\\\/\\\/www.rm-assessors.cat\\\/es\\\/les-empreses-disposen-ara-de-sis-dies-per-a-comunicar-les-baixes-a-la-seguretat-social\\\/#breadcrumb\",\"itemListElement\":[{\"@type\":\"ListItem\",\"position\":1,\"name\":\"Inici\",\"item\":\"https:\\\/\\\/www.rm-assessors.cat\\\/es\\\/\"},{\"@type\":\"ListItem\",\"position\":2,\"name\":\"Les empreses disposen ara de sis dies per a comunicar les baixes a la Seguretat Social\"}]},{\"@type\":\"WebSite\",\"@id\":\"https:\\\/\\\/www.rm-assessors.cat\\\/es\\\/#website\",\"url\":\"https:\\\/\\\/www.rm-assessors.cat\\\/es\\\/\",\"name\":\"RM Assessors\",\"description\":\"Assessoria i gestoria a Girona, Figueres i Breda.\",\"publisher\":{\"@id\":\"https:\\\/\\\/www.rm-assessors.cat\\\/es\\\/#organization\"},\"alternateName\":\"RM Assessors\",\"potentialAction\":[{\"@type\":\"SearchAction\",\"target\":{\"@type\":\"EntryPoint\",\"urlTemplate\":\"https:\\\/\\\/www.rm-assessors.cat\\\/es\\\/?s={search_term_string}\"},\"query-input\":{\"@type\":\"PropertyValueSpecification\",\"valueRequired\":true,\"valueName\":\"search_term_string\"}}],\"inLanguage\":\"es\"},{\"@type\":\"Organization\",\"@id\":\"https:\\\/\\\/www.rm-assessors.cat\\\/es\\\/#organization\",\"name\":\"RM Assessors\",\"alternateName\":\"RM Assessors\",\"url\":\"https:\\\/\\\/www.rm-assessors.cat\\\/es\\\/\",\"logo\":{\"@type\":\"ImageObject\",\"inLanguage\":\"es\",\"@id\":\"https:\\\/\\\/www.rm-assessors.cat\\\/es\\\/#\\\/schema\\\/logo\\\/image\\\/\",\"url\":\"https:\\\/\\\/www.rm-assessors.cat\\\/wp-content\\\/uploads\\\/2023\\\/09\\\/RM-Serveis_Assessors.svg\",\"contentUrl\":\"https:\\\/\\\/www.rm-assessors.cat\\\/wp-content\\\/uploads\\\/2023\\\/09\\\/RM-Serveis_Assessors.svg\",\"width\":200,\"height\":200,\"caption\":\"RM Assessors\"},\"image\":{\"@id\":\"https:\\\/\\\/www.rm-assessors.cat\\\/es\\\/#\\\/schema\\\/logo\\\/image\\\/\"},\"sameAs\":[\"https:\\\/\\\/www.facebook.com\\\/rmassessors\",\"https:\\\/\\\/x.com\\\/RMAssessors\",\"https:\\\/\\\/www.linkedin.com\\\/company\\\/rm-assessors\\\/\",\"https:\\\/\\\/www.instagram.com\\\/rm_assessors\\\/\"]},{\"@type\":\"Person\",\"@id\":\"https:\\\/\\\/www.rm-assessors.cat\\\/es\\\/#\\\/schema\\\/person\\\/393d054648944d73a9704339ae3c804c\",\"name\":\"Administrador Finques\",\"image\":{\"@type\":\"ImageObject\",\"inLanguage\":\"es\",\"@id\":\"https:\\\/\\\/secure.gravatar.com\\\/avatar\\\/d3f1bd6d92e385be2a64414ca046dfd0894742f3427354cf9879c4644ab34739?s=96&d=mm&r=g\",\"url\":\"https:\\\/\\\/secure.gravatar.com\\\/avatar\\\/d3f1bd6d92e385be2a64414ca046dfd0894742f3427354cf9879c4644ab34739?s=96&d=mm&r=g\",\"contentUrl\":\"https:\\\/\\\/secure.gravatar.com\\\/avatar\\\/d3f1bd6d92e385be2a64414ca046dfd0894742f3427354cf9879c4644ab34739?s=96&d=mm&r=g\",\"caption\":\"Administrador Finques\"}}]}<\/script>\n<!-- \/ Yoast SEO plugin. -->","yoast_head_json":{"title":"Les empreses disposen ara de sis dies per a comunicar les baixes a la Seguretat Social | RM Assessors","robots":{"index":"index","follow":"follow","max-snippet":"max-snippet:-1","max-image-preview":"max-image-preview:large","max-video-preview":"max-video-preview:-1"},"canonical":"https:\/\/www.rm-assessors.cat\/es\/les-empreses-disposen-ara-de-sis-dies-per-a-comunicar-les-baixes-a-la-seguretat-social\/","og_locale":"es_ES","og_type":"article","og_title":"Les empreses disposen ara de sis dies per a comunicar les baixes a la Seguretat Social | RM Assessors","og_description":"Les baixes de treballadors i determinades variacions de les seves dades ja no han de comunicar-se en tres dies naturals. La reforma porta a m\u00e9s canvis en els ajornaments de deutes. &nbsp; El canvi ha arribat de la m\u00e0 del Reial decret 643\/2026, de 29 de juliol, publicat al BOE del 30 de juliol, Termini [&hellip;]","og_url":"https:\/\/www.rm-assessors.cat\/es\/les-empreses-disposen-ara-de-sis-dies-per-a-comunicar-les-baixes-a-la-seguretat-social\/","og_site_name":"RM Assessors","article_publisher":"https:\/\/www.facebook.com\/rmassessors","article_published_time":"2026-09-02T16:14:56+00:00","article_modified_time":"2026-09-04T08:58:15+00:00","og_image":[{"width":810,"height":450,"url":"https:\/\/www.rm-assessors.cat\/wp-content\/uploads\/2026\/09\/pexels-photo-6779333-1788334989_1788342852image.jpeg","type":"image\/jpeg"}],"author":"Administrador Finques","twitter_card":"summary_large_image","twitter_creator":"@RMAssessors","twitter_site":"@RMAssessors","twitter_misc":{"Escrito por":"Administrador Finques","Tiempo de lectura":"4 minutos"},"schema":{"@context":"https:\/\/schema.org","@graph":[{"@type":"Article","@id":"https:\/\/www.rm-assessors.cat\/es\/les-empreses-disposen-ara-de-sis-dies-per-a-comunicar-les-baixes-a-la-seguretat-social\/#article","isPartOf":{"@id":"https:\/\/www.rm-assessors.cat\/es\/les-empreses-disposen-ara-de-sis-dies-per-a-comunicar-les-baixes-a-la-seguretat-social\/"},"author":{"name":"Administrador Finques","@id":"https:\/\/www.rm-assessors.cat\/es\/#\/schema\/person\/393d054648944d73a9704339ae3c804c"},"headline":"Les empreses disposen ara de sis dies per a comunicar les baixes a la Seguretat Social","datePublished":"2026-09-02T16:14:56+00:00","dateModified":"2026-09-04T08:58:15+00:00","mainEntityOfPage":{"@id":"https:\/\/www.rm-assessors.cat\/es\/les-empreses-disposen-ara-de-sis-dies-per-a-comunicar-les-baixes-a-la-seguretat-social\/"},"wordCount":567,"publisher":{"@id":"https:\/\/www.rm-assessors.cat\/es\/#organization"},"image":{"@id":"https:\/\/www.rm-assessors.cat\/es\/les-empreses-disposen-ara-de-sis-dies-per-a-comunicar-les-baixes-a-la-seguretat-social\/#primaryimage"},"thumbnailUrl":"https:\/\/www.rm-assessors.cat\/wp-content\/uploads\/2026\/09\/pexels-photo-6779333-1788334989_1788342852image.jpeg","keywords":["ajornament de deutes","comunicaci\u00f3 baixes S.Social","deutes Seguretat Social"],"articleSection":["Butllet\u00ed mensual","Laboral"],"inLanguage":"es"},{"@type":"WebPage","@id":"https:\/\/www.rm-assessors.cat\/es\/les-empreses-disposen-ara-de-sis-dies-per-a-comunicar-les-baixes-a-la-seguretat-social\/","url":"https:\/\/www.rm-assessors.cat\/es\/les-empreses-disposen-ara-de-sis-dies-per-a-comunicar-les-baixes-a-la-seguretat-social\/","name":"Les empreses disposen ara de sis dies per a comunicar les baixes a la Seguretat Social | RM Assessors","isPartOf":{"@id":"https:\/\/www.rm-assessors.cat\/es\/#website"},"primaryImageOfPage":{"@id":"https:\/\/www.rm-assessors.cat\/es\/les-empreses-disposen-ara-de-sis-dies-per-a-comunicar-les-baixes-a-la-seguretat-social\/#primaryimage"},"image":{"@id":"https:\/\/www.rm-assessors.cat\/es\/les-empreses-disposen-ara-de-sis-dies-per-a-comunicar-les-baixes-a-la-seguretat-social\/#primaryimage"},"thumbnailUrl":"https:\/\/www.rm-assessors.cat\/wp-content\/uploads\/2026\/09\/pexels-photo-6779333-1788334989_1788342852image.jpeg","datePublished":"2026-09-02T16:14:56+00:00","dateModified":"2026-09-04T08:58:15+00:00","breadcrumb":{"@id":"https:\/\/www.rm-assessors.cat\/es\/les-empreses-disposen-ara-de-sis-dies-per-a-comunicar-les-baixes-a-la-seguretat-social\/#breadcrumb"},"inLanguage":"es","potentialAction":[{"@type":"ReadAction","target":["https:\/\/www.rm-assessors.cat\/es\/les-empreses-disposen-ara-de-sis-dies-per-a-comunicar-les-baixes-a-la-seguretat-social\/"]}]},{"@type":"ImageObject","inLanguage":"es","@id":"https:\/\/www.rm-assessors.cat\/es\/les-empreses-disposen-ara-de-sis-dies-per-a-comunicar-les-baixes-a-la-seguretat-social\/#primaryimage","url":"https:\/\/www.rm-assessors.cat\/wp-content\/uploads\/2026\/09\/pexels-photo-6779333-1788334989_1788342852image.jpeg","contentUrl":"https:\/\/www.rm-assessors.cat\/wp-content\/uploads\/2026\/09\/pexels-photo-6779333-1788334989_1788342852image.jpeg","width":810,"height":450},{"@type":"BreadcrumbList","@id":"https:\/\/www.rm-assessors.cat\/es\/les-empreses-disposen-ara-de-sis-dies-per-a-comunicar-les-baixes-a-la-seguretat-social\/#breadcrumb","itemListElement":[{"@type":"ListItem","position":1,"name":"Inici","item":"https:\/\/www.rm-assessors.cat\/es\/"},{"@type":"ListItem","position":2,"name":"Les empreses disposen ara de sis dies per a comunicar les baixes a la Seguretat Social"}]},{"@type":"WebSite","@id":"https:\/\/www.rm-assessors.cat\/es\/#website","url":"https:\/\/www.rm-assessors.cat\/es\/","name":"RM Assessors","description":"Assessoria i gestoria a Girona, Figueres i Breda.","publisher":{"@id":"https:\/\/www.rm-assessors.cat\/es\/#organization"},"alternateName":"RM Assessors","potentialAction":[{"@type":"SearchAction","target":{"@type":"EntryPoint","urlTemplate":"https:\/\/www.rm-assessors.cat\/es\/?s={search_term_string}"},"query-input":{"@type":"PropertyValueSpecification","valueRequired":true,"valueName":"search_term_string"}}],"inLanguage":"es"},{"@type":"Organization","@id":"https:\/\/www.rm-assessors.cat\/es\/#organization","name":"RM Assessors","alternateName":"RM Assessors","url":"https:\/\/www.rm-assessors.cat\/es\/","logo":{"@type":"ImageObject","inLanguage":"es","@id":"https:\/\/www.rm-assessors.cat\/es\/#\/schema\/logo\/image\/","url":"https:\/\/www.rm-assessors.cat\/wp-content\/uploads\/2023\/09\/RM-Serveis_Assessors.svg","contentUrl":"https:\/\/www.rm-assessors.cat\/wp-content\/uploads\/2023\/09\/RM-Serveis_Assessors.svg","width":200,"height":200,"caption":"RM Assessors"},"image":{"@id":"https:\/\/www.rm-assessors.cat\/es\/#\/schema\/logo\/image\/"},"sameAs":["https:\/\/www.facebook.com\/rmassessors","https:\/\/x.com\/RMAssessors","https:\/\/www.linkedin.com\/company\/rm-assessors\/","https:\/\/www.instagram.com\/rm_assessors\/"]},{"@type":"Person","@id":"https:\/\/www.rm-assessors.cat\/es\/#\/schema\/person\/393d054648944d73a9704339ae3c804c","name":"Administrador Finques","image":{"@type":"ImageObject","inLanguage":"es","@id":"https:\/\/secure.gravatar.com\/avatar\/d3f1bd6d92e385be2a64414ca046dfd0894742f3427354cf9879c4644ab34739?s=96&d=mm&r=g","url":"https:\/\/secure.gravatar.com\/avatar\/d3f1bd6d92e385be2a64414ca046dfd0894742f3427354cf9879c4644ab34739?s=96&d=mm&r=g","contentUrl":"https:\/\/secure.gravatar.com\/avatar\/d3f1bd6d92e385be2a64414ca046dfd0894742f3427354cf9879c4644ab34739?s=96&d=mm&r=g","caption":"Administrador Finques"}}]}},"_links":{"self":[{"href":"https:\/\/www.rm-assessors.cat\/es\/wp-json\/wp\/v2\/posts\/15172","targetHints":{"allow":["GET"]}}],"collection":[{"href":"https:\/\/www.rm-assessors.cat\/es\/wp-json\/wp\/v2\/posts"}],"about":[{"href":"https:\/\/www.rm-assessors.cat\/es\/wp-json\/wp\/v2\/types\/post"}],"author":[{"embeddable":true,"href":"https:\/\/www.rm-assessors.cat\/es\/wp-json\/wp\/v2\/users\/18"}],"replies":[{"embeddable":true,"href":"https:\/\/www.rm-assessors.cat\/es\/wp-json\/wp\/v2\/comments?post=15172"}],"version-history":[{"count":7,"href":"https:\/\/www.rm-assessors.cat\/es\/wp-json\/wp\/v2\/posts\/15172\/revisions"}],"predecessor-version":[{"id":15173,"href":"https:\/\/www.rm-assessors.cat\/es\/wp-json\/wp\/v2\/posts\/15172\/revisions\/15173"}],"wp:featuredmedia":[{"embeddable":true,"href":"https:\/\/www.rm-assessors.cat\/es\/wp-json\/wp\/v2\/media\/15169"}],"wp:attachment":[{"href":"https:\/\/www.rm-assessors.cat\/es\/wp-json\/wp\/v2\/media?parent=15172"}],"wp:term":[{"taxonomy":"category","embeddable":true,"href":"https:\/\/www.rm-assessors.cat\/es\/wp-json\/wp\/v2\/categories?post=15172"},{"taxonomy":"post_tag","embeddable":true,"href":"https:\/\/www.rm-assessors.cat\/es\/wp-json\/wp\/v2\/tags?post=15172"}],"curies":[{"name":"wp","href":"https:\/\/api.w.org\/{rel}","templated":true}]}}